{"id":71446,"date":"2023-07-04T11:24:27","date_gmt":"2023-07-04T14:24:27","guid":{"rendered":"https:\/\/corrientesdetarde.com\/?p=71446"},"modified":"2023-07-04T11:24:28","modified_gmt":"2023-07-04T14:24:28","slug":"buenas-noticias-para-river-gonzalez-pirez-fue-dado-de-alta-y-podra-jugar-ante-colon","status":"publish","type":"post","link":"https:\/\/corrientesdetarde.com\/index.php\/deportes\/buenas-noticias-para-river-gonzalez-pirez-fue-dado-de-alta-y-podra-jugar-ante-colon\/","title":{"rendered":"Buenas noticias para River: Gonz\u00e1lez Pirez fue dado de alta y podr\u00e1 jugar ante Col\u00f3n"},"content":{"rendered":"\n<p>El defensor central se perdi\u00f3 los partidos frente a Barracas Central y The Strongest por una lesi\u00f3n en su pierna izquierda.<\/p>\n\n\n\n<p>El defensor de River<strong>\u00a0Leandro Gonz\u00e1lez Pirez recibi\u00f3 el alta m\u00e9dica de su\u00a0distensi\u00f3n en el isquiotibial de la pierna izquierda\u00a0y volver\u00e1 a jugar<\/strong>\u00a0en el equipo dirigido por Mart\u00edn Demichelis despu\u00e9s de perderse los encuentros ante The Strongest por la Copa Libertadores y Barracas Central por el torneo de la Liga Profesional.<\/p>\n\n\n\n<p>Despu\u00e9s de tener el domingo libre tras la derrota en condici\u00f3n de visitante frente a Barracas Central por 2 a 1,&nbsp;<strong>River retom\u00f3 los entrenamientos por la ma\u00f1ana con el regreso del zaguero central<\/strong>, quien ya se encuentra recuperado de la lesi\u00f3n.<\/p>\n\n\n\n<p><strong>El defensor hab\u00eda sido reemplazado por el paraguayo Robert Rojas<\/strong>&nbsp;durante los dos encuentros en los que no tuvo participaci\u00f3n: en el triunfo por 2 a 0 ante The Strongest en la \u00faltima fecha de la fase de grupos de la Copa Libertadores, que sell\u00f3 la clasificaci\u00f3n de River a los octavos de final; y en la derrota frente a Barracas Central.<\/p>\n\n\n\n<p>A ra\u00edz de su regreso,&nbsp;<strong>Rojas volver\u00e1 al banco de suplentes ya que Demichelis volver\u00e1 a poner el mejor 11 para el pr\u00f3ximo partido de este mi\u00e9rcoles<\/strong>&nbsp;por la vig\u00e9sima tercera fecha de la Liga Profesional frente a Col\u00f3n de Santa Fe en el estadio El Monumental.&nbsp;<\/p>\n\n\n\n<p>La probable formaci\u00f3n titular de River ser\u00eda:&nbsp;<strong>Franco Armani; Milton Casco, Paulo D\u00edaz, Leandro Gonz\u00e1lez P\u00edrez o Robert Rojas, El\u00edas G\u00f3mez o Enzo D\u00edaz; Rodrigo Aliendro, Enzo P\u00e9rez; Pablo Solari, Ignacio Fern\u00e1ndez, Esequiel Barco; y Lucas Beltr\u00e1n.<\/strong><\/p>\n","protected":false},"excerpt":{"rendered":"<p>El defensor central se perdi\u00f3 los partidos frente a Barracas Central y The Strongest por una lesi\u00f3n en su pierna izquierda. El defensor de River\u00a0Leandro Gonz\u00e1lez Pirez recibi\u00f3 el alta&hellip; <\/p>\n","protected":false},"author":4,"featured_media":71447,"comment_status":"closed","ping_status":"open","sticky":false,"template":"","format":"standard","meta":{"footnotes":""},"categories":[4],"tags":[],"class_list":["post-71446","post","type-post","status-publish","format-standard","has-post-thumbnail","hentry","category-deportes"],"_links":{"self":[{"href":"https:\/\/corrientesdetarde.com\/index.php\/wp-json\/wp\/v2\/posts\/71446","targetHints":{"allow":["GET"]}}],"collection":[{"href":"https:\/\/corrientesdetarde.com\/index.php\/wp-json\/wp\/v2\/posts"}],"about":[{"href":"https:\/\/corrientesdetarde.com\/index.php\/wp-json\/wp\/v2\/types\/post"}],"author":[{"embeddable":true,"href":"https:\/\/corrientesdetarde.com\/index.php\/wp-json\/wp\/v2\/users\/4"}],"replies":[{"embeddable":true,"href":"https:\/\/corrientesdetarde.com\/index.php\/wp-json\/wp\/v2\/comments?post=71446"}],"version-history":[{"count":1,"href":"https:\/\/corrientesdetarde.com\/index.php\/wp-json\/wp\/v2\/posts\/71446\/revisions"}],"predecessor-version":[{"id":71462,"href":"https:\/\/corrientesdetarde.com\/index.php\/wp-json\/wp\/v2\/posts\/71446\/revisions\/71462"}],"wp:featuredmedia":[{"embeddable":true,"href":"https:\/\/corrientesdetarde.com\/index.php\/wp-json\/wp\/v2\/media\/71447"}],"wp:attachment":[{"href":"https:\/\/corrientesdetarde.com\/index.php\/wp-json\/wp\/v2\/media?parent=71446"}],"wp:term":[{"taxonomy":"category","embeddable":true,"href":"https:\/\/corrientesdetarde.com\/index.php\/wp-json\/wp\/v2\/categories?post=71446"},{"taxonomy":"post_tag","embeddable":true,"href":"https:\/\/corrientesdetarde.com\/index.php\/wp-json\/wp\/v2\/tags?post=71446"}],"curies":[{"name":"wp","href":"https:\/\/api.w.org\/{rel}","templated":true}]}}