{"id":71449,"date":"2023-07-04T11:24:20","date_gmt":"2023-07-04T14:24:20","guid":{"rendered":"https:\/\/corrientesdetarde.com\/?p=71449"},"modified":"2023-07-04T11:24:21","modified_gmt":"2023-07-04T14:24:21","slug":"un-campeon-de-la-libertadores-con-river-busca-terminar-la-secundaria","status":"publish","type":"post","link":"https:\/\/corrientesdetarde.com\/index.php\/deportes\/un-campeon-de-la-libertadores-con-river-busca-terminar-la-secundaria\/","title":{"rendered":"Un campe\u00f3n de la Libertadores con River busca terminar la secundaria"},"content":{"rendered":"\n<p>Carlos S\u00e1nchez retom\u00f3 los estudios en medio de su actualidad en Pe\u00f1arol de Montevideo.<\/p>\n\n\n\n<p>El mediocampista uruguayo\u00a0<strong>Carlos S\u00e1nchez<\/strong>,\u00a0<strong>campe\u00f3n de la Libertadores 2015 con\u00a0River<\/strong>, busca\u00a0<strong>terminar la secundaria en Uruguay, donde se desempe\u00f1a como<\/strong>\u00a0jugador de\u00a0<strong>Pe\u00f1arol<\/strong>.<\/p>\n\n\n\n<p>A sus 38 a\u00f1os, se present\u00f3 para dar la&nbsp;<strong>prueba que acredita el fin de los estudios del Ciclo B\u00e1sico de Secundaria<\/strong>, instancia a la suelen presentarse unos 100 futbolistas anualmente en Uruguay.<\/p>\n\n\n\n<p>Esto se da en medio de una iniciativa por parte de la Mutual Uruguaya de Futbolistas Profesionales, presidida por el ex defensor central Andr\u00e9s Scotti que se\u00f1al\u00f3:&nbsp;<strong>\u201cApoyamos a los futbolistas con clases virtuales y presenciales, sacando el miedo en el retorno de muchos a volver a estudiar\u201d.<\/strong><\/p>\n\n\n\n<p><strong>\u201cMe arrepiento de no seguir mi carrera en el liceo cuando tuve la oportunidad, pero tampoco me quito el esfuerzo que hice por ser jugador de f\u00fatbol. Ahora que tengo las dos posibilidades, est\u00e1 bueno. No hay edad para venir a estudiar. El Ciclo B\u00e1sico ayuda y sirve. Esperemos que varios tomen el ejemplo de poder hacerlo, que no es nada complicado&#8221;,&nbsp;<\/strong>declar\u00f3 Carlos S\u00e1nchez en relaci\u00f3n al haber retomado los estudios a esta altura de su vida.<\/p>\n\n\n\n<p>En su ciclo en River entre<strong>&nbsp;2011 y 2015<\/strong>, el uruguayo se volvi\u00f3 una pieza transcendental y&nbsp;<strong>conquist\u00f3 cuatro t\u00edtulos internacionales.<\/strong>&nbsp;Adem\u00e1s, fue parte del equipo que&nbsp;<strong>devolvi\u00f3 al \u201cMillonario\u201d a la Primera Divisi\u00f3n tras un a\u00f1o en la Primera B Nacional.<\/strong><\/p>\n","protected":false},"excerpt":{"rendered":"<p>Carlos S\u00e1nchez retom\u00f3 los estudios en medio de su actualidad en Pe\u00f1arol de Montevideo. El mediocampista uruguayo\u00a0Carlos S\u00e1nchez,\u00a0campe\u00f3n de la Libertadores 2015 con\u00a0River, busca\u00a0terminar la secundaria en Uruguay, donde se&hellip; <\/p>\n","protected":false},"author":4,"featured_media":71452,"comment_status":"closed","ping_status":"open","sticky":false,"template":"","format":"standard","meta":{"footnotes":""},"categories":[4],"tags":[],"class_list":["post-71449","post","type-post","status-publish","format-standard","has-post-thumbnail","hentry","category-deportes"],"_links":{"self":[{"href":"https:\/\/corrientesdetarde.com\/index.php\/wp-json\/wp\/v2\/posts\/71449","targetHints":{"allow":["GET"]}}],"collection":[{"href":"https:\/\/corrientesdetarde.com\/index.php\/wp-json\/wp\/v2\/posts"}],"about":[{"href":"https:\/\/corrientesdetarde.com\/index.php\/wp-json\/wp\/v2\/types\/post"}],"author":[{"embeddable":true,"href":"https:\/\/corrientesdetarde.com\/index.php\/wp-json\/wp\/v2\/users\/4"}],"replies":[{"embeddable":true,"href":"https:\/\/corrientesdetarde.com\/index.php\/wp-json\/wp\/v2\/comments?post=71449"}],"version-history":[{"count":1,"href":"https:\/\/corrientesdetarde.com\/index.php\/wp-json\/wp\/v2\/posts\/71449\/revisions"}],"predecessor-version":[{"id":71461,"href":"https:\/\/corrientesdetarde.com\/index.php\/wp-json\/wp\/v2\/posts\/71449\/revisions\/71461"}],"wp:featuredmedia":[{"embeddable":true,"href":"https:\/\/corrientesdetarde.com\/index.php\/wp-json\/wp\/v2\/media\/71452"}],"wp:attachment":[{"href":"https:\/\/corrientesdetarde.com\/index.php\/wp-json\/wp\/v2\/media?parent=71449"}],"wp:term":[{"taxonomy":"category","embeddable":true,"href":"https:\/\/corrientesdetarde.com\/index.php\/wp-json\/wp\/v2\/categories?post=71449"},{"taxonomy":"post_tag","embeddable":true,"href":"https:\/\/corrientesdetarde.com\/index.php\/wp-json\/wp\/v2\/tags?post=71449"}],"curies":[{"name":"wp","href":"https:\/\/api.w.org\/{rel}","templated":true}]}}