{"id":71450,"date":"2023-07-04T11:24:18","date_gmt":"2023-07-04T14:24:18","guid":{"rendered":"https:\/\/corrientesdetarde.com\/?p=71450"},"modified":"2023-07-04T11:24:18","modified_gmt":"2023-07-04T14:24:18","slug":"luka-romero-suena-con-la-seleccion-mayor-ojala-me-sigan-llamando","status":"publish","type":"post","link":"https:\/\/corrientesdetarde.com\/index.php\/deportes\/luka-romero-suena-con-la-seleccion-mayor-ojala-me-sigan-llamando\/","title":{"rendered":"Luka Romero sue\u00f1a con la Selecci\u00f3n mayor: &#8220;Ojal\u00e1 me sigan llamando&#8221;"},"content":{"rendered":"\n<p>El joven delantero fue fundamental durante el Mundial Sub-20 a pesar de la r\u00e1pida eliminaci\u00f3n.<\/p>\n\n\n\n<p>El delantero\u00a0<strong>Luka Romero asegur\u00f3 que est\u00e1 ansioso por el llamado de Lionel Scaloni<\/strong>\u00a0para integrar el plantel de la\u00a0Selecci\u00f3n argentina\u00a0pero en mayores, despu\u00e9s de su actuaci\u00f3n en el Sub-20 durante el Mundial de la categor\u00eda que se disput\u00f3 en el pa\u00eds durante mayo y junio de este a\u00f1o.<\/p>\n\n\n\n<p><strong>\u201cPienso en jugar y ojal\u00e1 que me sigan llamando de la Selecci\u00f3n Argentina. Poder estar es un sue\u00f1o\u201d<\/strong>, expres\u00f3 el juvenil en di\u00e1logo con<em>&nbsp;D-Sports Radio<\/em>. Romero fue convocado \u00fanicamente en la doble fecha de Eliminatorias, el 6 de marzo de 2022, para los encuentros frente a Venezuela y Ecuador de cara al Mundial Qatar 2022.<\/p>\n\n\n\n<p><strong>\u201cToda mi familia es Argentina y me siento argentino. Cuando venimos al pa\u00eds nos hacen sentir como en casa\u201d<\/strong>, asegur\u00f3 el juvenil nacido en Durango, M\u00e9xico, pero que tiene padres argentinos por lo que su sue\u00f1o es seguir jugando con la camiseta celeste y blanca.&nbsp;\u201cEstar en el predio es algo que cualquier pibe sue\u00f1a. Ojal\u00e1 que todos pasemos por la selecci\u00f3n mayor\u201d, dese\u00f3.<\/p>\n\n\n\n<p>\u201cJugar en casa con tu gente, es inexplicable. Nos sent\u00edamos bien y no esper\u00e1bamos irnos tan r\u00e1pido.&nbsp;<strong>Estamos satisfechos por el trabajo que hicimos<\/strong>\u201d, se\u00f1al\u00f3 Romero, qui\u00e9n calific\u00f3 como &#8220;una experiencia incre\u00edble&#8221; su paso por el equipo argentino Sub-20 para la Copa del Mundo, a pesar de la derrota ante Nigeria.<\/p>\n\n\n\n<p>A su vez, el ex jugador del Mallorca, que estar\u00eda por dar el salto de Lazio a Milan, revel\u00f3 otro sue\u00f1o que tiene a futuro adem\u00e1s del seleccionado argentino:&nbsp;<strong>\u201cMe gustar\u00eda jugar en Quilmes, por mi viejo\u201d<\/strong>.<\/p>\n","protected":false},"excerpt":{"rendered":"<p>El joven delantero fue fundamental durante el Mundial Sub-20 a pesar de la r\u00e1pida eliminaci\u00f3n. El delantero\u00a0Luka Romero asegur\u00f3 que est\u00e1 ansioso por el llamado de Lionel Scaloni\u00a0para integrar el&hellip; <\/p>\n","protected":false},"author":4,"featured_media":71455,"comment_status":"closed","ping_status":"open","sticky":false,"template":"","format":"standard","meta":{"footnotes":""},"categories":[4],"tags":[],"class_list":["post-71450","post","type-post","status-publish","format-standard","has-post-thumbnail","hentry","category-deportes"],"_links":{"self":[{"href":"https:\/\/corrientesdetarde.com\/index.php\/wp-json\/wp\/v2\/posts\/71450","targetHints":{"allow":["GET"]}}],"collection":[{"href":"https:\/\/corrientesdetarde.com\/index.php\/wp-json\/wp\/v2\/posts"}],"about":[{"href":"https:\/\/corrientesdetarde.com\/index.php\/wp-json\/wp\/v2\/types\/post"}],"author":[{"embeddable":true,"href":"https:\/\/corrientesdetarde.com\/index.php\/wp-json\/wp\/v2\/users\/4"}],"replies":[{"embeddable":true,"href":"https:\/\/corrientesdetarde.com\/index.php\/wp-json\/wp\/v2\/comments?post=71450"}],"version-history":[{"count":1,"href":"https:\/\/corrientesdetarde.com\/index.php\/wp-json\/wp\/v2\/posts\/71450\/revisions"}],"predecessor-version":[{"id":71460,"href":"https:\/\/corrientesdetarde.com\/index.php\/wp-json\/wp\/v2\/posts\/71450\/revisions\/71460"}],"wp:featuredmedia":[{"embeddable":true,"href":"https:\/\/corrientesdetarde.com\/index.php\/wp-json\/wp\/v2\/media\/71455"}],"wp:attachment":[{"href":"https:\/\/corrientesdetarde.com\/index.php\/wp-json\/wp\/v2\/media?parent=71450"}],"wp:term":[{"taxonomy":"category","embeddable":true,"href":"https:\/\/corrientesdetarde.com\/index.php\/wp-json\/wp\/v2\/categories?post=71450"},{"taxonomy":"post_tag","embeddable":true,"href":"https:\/\/corrientesdetarde.com\/index.php\/wp-json\/wp\/v2\/tags?post=71450"}],"curies":[{"name":"wp","href":"https:\/\/api.w.org\/{rel}","templated":true}]}}