{"id":71456,"date":"2023-07-04T11:24:15","date_gmt":"2023-07-04T14:24:15","guid":{"rendered":"https:\/\/corrientesdetarde.com\/?p=71456"},"modified":"2023-07-04T11:24:20","modified_gmt":"2023-07-04T14:24:20","slug":"se-filtro-la-nueva-camiseta-que-usaria-boca-en-la-proxima-temporada","status":"publish","type":"post","link":"https:\/\/corrientesdetarde.com\/index.php\/deportes\/se-filtro-la-nueva-camiseta-que-usaria-boca-en-la-proxima-temporada\/","title":{"rendered":"Se filtr\u00f3 la nueva camiseta que usar\u00eda Boca en la pr\u00f3xima temporada"},"content":{"rendered":"\n<p>La posible indumentaria obtuvo buenos y malos comentarios de parte de los hinchas en las redes sociales.<\/p>\n\n\n\n<p>La redes sociales fueron el escenario en el que este lunes<strong>\u00a0se filtr\u00f3 la que ser\u00eda la nueva camiseta de\u00a0Boca\u00a0para la temporada 2023\/2024<\/strong>, la cu\u00e1l tendr\u00e1 una notorias diferencias con respecto a la actual equipaci\u00f3n titular y que gener\u00f3 cr\u00edticas tanto positivas como negativas por parte de los hinchas.<\/p>\n\n\n\n<p>El modelo que filtr\u00f3 el sitio web<em>&nbsp;Footy Headlines<\/em>&nbsp;muestra&nbsp;<strong>una variaci\u00f3n de distintas tonalidades de azul, el color principal de la camiseta, con la cl\u00e1sica franja horizontal amarilla<\/strong>, aunque tambi\u00e9n tendr\u00eda unas l\u00edneas del mismo color que la franja a los costados de la casaca. El logo de Adidas y las tres tiras ser\u00e1n de color amarillo.<\/p>\n\n\n\n<figure class=\"wp-block-image\"><img decoding=\"async\" src=\"https:\/\/noticiasargentinas.com\/images\/NA\/Contenidos\/casaca-boca.webp\" alt=\"casaca-boca.jpg\"\/><\/figure>\n\n\n\n<p>Tambi\u00e9n estar\u00edan presentes en el frente y la espalda los dos sponsors principales del club: Betsson, en el centro de la remera, y DirecTV en la parte baja de la espalda. Adem\u00e1s,&nbsp;<strong>la leyenda &#8220;Xeneize&#8221; se podr\u00e1 ver debajo de la nuca en un vivo color amarillo<\/strong>.<\/p>\n\n\n\n<figure class=\"wp-block-image\"><img decoding=\"async\" src=\"https:\/\/noticiasargentinas.com\/images\/NA\/Contenidos\/casaca-boca-1.webp\" alt=\"casaca-boca-1.jpg\"\/><\/figure>\n\n\n\n<p>Comentarios como \u201cMuy buena la versi\u00f3n trucha. Ahora, \u00bfcu\u00e1l ser\u00eda la de verdad?\u201d,&nbsp;<strong>\u201cSi es esa, hay que rescindirles el contrato ya mismo\u201d<\/strong>, \u201cAcorde a c\u00f3mo juega el equipo de Almir\u00f3n\u201d, \u201cParece de entrenamiento\u201d y \u201cRara. No s\u00e9 si me gusta o no. Voy a esperar a ver c\u00f3mo le queda a Marcos Rojo para decidir\u201d, fueron los publicados por los hinchas de Boca en cuanto se filtr\u00f3 el posible modelo.<\/p>\n\n\n\n<p>Actualmente, Boca tiene dos camisetas realmente singulares para lo que regularmente mostr\u00f3 en su historia. Hace poco m\u00e1s de un mes utiliz\u00f3 una camiseta celeste con detalles en azul inspirada en el&nbsp;Puente Transbordador Nicol\u00e1s Avellaneda del barrio de La Boca, y tambi\u00e9n se puso una con gris y azules en honor al barrio y al estadio La Bombonera.<\/p>\n","protected":false},"excerpt":{"rendered":"<p>La posible indumentaria obtuvo buenos y malos comentarios de parte de los hinchas en las redes sociales. La redes sociales fueron el escenario en el que este lunes\u00a0se filtr\u00f3 la&hellip; <\/p>\n","protected":false},"author":4,"featured_media":71457,"comment_status":"closed","ping_status":"open","sticky":false,"template":"","format":"standard","meta":{"footnotes":""},"categories":[4],"tags":[],"class_list":["post-71456","post","type-post","status-publish","format-standard","has-post-thumbnail","hentry","category-deportes"],"_links":{"self":[{"href":"https:\/\/corrientesdetarde.com\/index.php\/wp-json\/wp\/v2\/posts\/71456","targetHints":{"allow":["GET"]}}],"collection":[{"href":"https:\/\/corrientesdetarde.com\/index.php\/wp-json\/wp\/v2\/posts"}],"about":[{"href":"https:\/\/corrientesdetarde.com\/index.php\/wp-json\/wp\/v2\/types\/post"}],"author":[{"embeddable":true,"href":"https:\/\/corrientesdetarde.com\/index.php\/wp-json\/wp\/v2\/users\/4"}],"replies":[{"embeddable":true,"href":"https:\/\/corrientesdetarde.com\/index.php\/wp-json\/wp\/v2\/comments?post=71456"}],"version-history":[{"count":1,"href":"https:\/\/corrientesdetarde.com\/index.php\/wp-json\/wp\/v2\/posts\/71456\/revisions"}],"predecessor-version":[{"id":71459,"href":"https:\/\/corrientesdetarde.com\/index.php\/wp-json\/wp\/v2\/posts\/71456\/revisions\/71459"}],"wp:featuredmedia":[{"embeddable":true,"href":"https:\/\/corrientesdetarde.com\/index.php\/wp-json\/wp\/v2\/media\/71457"}],"wp:attachment":[{"href":"https:\/\/corrientesdetarde.com\/index.php\/wp-json\/wp\/v2\/media?parent=71456"}],"wp:term":[{"taxonomy":"category","embeddable":true,"href":"https:\/\/corrientesdetarde.com\/index.php\/wp-json\/wp\/v2\/categories?post=71456"},{"taxonomy":"post_tag","embeddable":true,"href":"https:\/\/corrientesdetarde.com\/index.php\/wp-json\/wp\/v2\/tags?post=71456"}],"curies":[{"name":"wp","href":"https:\/\/api.w.org\/{rel}","templated":true}]}}