{"id":71500,"date":"2023-07-04T15:39:00","date_gmt":"2023-07-04T18:39:00","guid":{"rendered":"https:\/\/corrientesdetarde.com\/?p=71500"},"modified":"2023-07-04T15:39:05","modified_gmt":"2023-07-04T18:39:05","slug":"juegos-culturales-correntinos-exitosos-selectivos-locales-en-37-municipios","status":"publish","type":"post","link":"https:\/\/corrientesdetarde.com\/index.php\/cultura\/juegos-culturales-correntinos-exitosos-selectivos-locales-en-37-municipios\/","title":{"rendered":"Juegos Culturales Correntinos: exitosos selectivos locales en 37 municipios"},"content":{"rendered":"\n<p>En la \u00faltima semana de junio se desarrollaron los selectivos locales de los Juegos Culturales Correntinos en 37 municipios de la provincia. A partir de este viernes, en la localidad de Gobernador Virasoro, iniciar\u00e1n las instancias regionales del certamen organizado por el Gobierno de la Provincia, a trav\u00e9s del Instituto de Cultura y en coordinaci\u00f3n con las comunas.<\/p>\n\n\n\n<p>J\u00f3venes de 12 a 18 a\u00f1os, y adultos mayores, formaron parte de esta primera etapa de los Juegos Culturales Correntinos mostrando su talento en el escenario en las disciplinas de canto, danza, conjunto musical, teatro, freestyle, y mediante la exposici\u00f3n de sus obras para los casos de pintura, fotograf\u00eda, videominuto, historieta, cuento y poes\u00eda.<\/p>\n\n\n\n<p>En esta oportunidad, los selectivos se desarrollaron en espacios culturales de 37 municipios. Fue el caso de Ituzaing\u00f3, Santo Tom\u00e9, Colonia Liebigs, Alvear, San Carlos, Gobernador Virasoro, Paso de los Libres, Mercedes, Monte Caseros, Curuz\u00fa Cuati\u00e1, San Isidro, Esquina, Yataity Calle, Lavalle, Goya, Santa Rosa, Concepci\u00f3n, Saladas, 9 de Julio, San Roque, Chavarr\u00eda, Colonia Pando, Empedrado, Bella Vista, Gobernador Mart\u00ednez, San Luis del Palmar, Ca\u00e1 Cat\u00ed, It\u00e1 Ibat\u00e9, Paso de la Patria, San Miguel, Loreto, Itat\u00ed, San Cosme, Ramado Paso, Guavirav\u00ed, Pueblo Libertador y Corrientes Capital.<\/p>\n\n\n\n<p>Un jurado de especialistas tuvo la dif\u00edcil tarea de definir quienes representar\u00e1n a cada localidad en los regionales que se llevar\u00e1n adelante a partir de este viernes. En el caso de la Zona 2, ser\u00e1 este 7 de julio en Gobernador Virasoro; Zona 3, el 25 de julio en Curuz\u00fa Cuati\u00e1; Zona 4, el 28 de julio en Goya; Zona 5, el 1 de agosto en Gobernador Mart\u00ednez y Zona 1, el 3 de agosto en Ramada Paso.<\/p>\n\n\n\n<p>La gran final de este programa tendr\u00e1 lugar en el mes de agosto en el interior de la provincia, y de all\u00ed surgir\u00e1 la delegaci\u00f3n que representar\u00e1 a Corrientes en los Juegos Culturales Evita 2023, a desarrollarse en septiembre en Mar del Plata, para los juveniles, y en Termas de R\u00edo Hondo en Santiago del Estero, para los adultos mayores.<\/p>\n\n\n\n<p><strong>Programa<\/strong><\/p>\n\n\n\n<p>Los&nbsp;Juegos&nbsp;Culturales&nbsp;Correntinos se realizan desde hace dieciocho a\u00f1os de manera ininterrumpida, constituy\u00e9ndose en una de las actividades m\u00e1s federales del organismo provincial con la participaci\u00f3n todos los a\u00f1os de m\u00e1s de 30 municipios.<\/p>\n\n\n\n<p>Est\u00e1 destinado a j\u00f3venes de 12 a 18 a\u00f1os y a adultos mayores (m\u00e1s de 60 a\u00f1os) de toda la provincia, en distintas categor\u00edas art\u00edsticas. En la categor\u00eda \u00fanica (12 a 18 a\u00f1os), compiten en las disciplinas de conjunto musical, teatro grupal, teatro unipersonal, historieta y danza libre; en las categor\u00edas Sub 15 y Sub 18 en canto solista, freestyle, fotograf\u00eda, pintura\/dibujo, cuento, poes\u00eda, videominuto y danza (pareja); y en el caso de Adultos Mayores en canto solista, fotograf\u00eda, pintura\/dibujo, cuento, poes\u00eda, danza y teatro unipersonal.<\/p>\n\n\n\n<p>Se incorpor\u00f3 adem\u00e1s una categor\u00eda para personas con discapacidad en la disciplina de fotograf\u00eda y teatro unipersonal, para j\u00f3venes de 12 a 18 a\u00f1os.<\/p>\n\n\n\n<p>Cabe se\u00f1alar que, debido al crecimiento del programa, desde el a\u00f1o 2012 la instancia provincial de los\u00a0Juegos\u00a0Culturales\u00a0es una Sub Sede del Certamen Pre Fiesta Nacional del Chamam\u00e9 y varios de los j\u00f3venes que fueron seleccionados han ganado la Gran Final y se consagraron Revelaci\u00f3n de la Fiesta Nacional del Chamam\u00e9.<\/p>\n\n\n\n<figure class=\"wp-block-image size-full\"><img loading=\"lazy\" decoding=\"async\" width=\"960\" height=\"720\" src=\"https:\/\/corrientesdetarde.com\/wp-content\/uploads\/2023\/07\/image-69.png\" alt=\"\" class=\"wp-image-71501\" srcset=\"https:\/\/corrientesdetarde.com\/wp-content\/uploads\/2023\/07\/image-69.png 960w, https:\/\/corrientesdetarde.com\/wp-content\/uploads\/2023\/07\/image-69-300x225.png 300w, https:\/\/corrientesdetarde.com\/wp-content\/uploads\/2023\/07\/image-69-768x576.png 768w\" sizes=\"auto, (max-width: 960px) 100vw, 960px\" \/><\/figure>\n\n\n\n<figure class=\"wp-block-image size-large\"><img loading=\"lazy\" decoding=\"async\" width=\"1024\" height=\"683\" src=\"https:\/\/corrientesdetarde.com\/wp-content\/uploads\/2023\/07\/image-70-1024x683.png\" alt=\"\" class=\"wp-image-71502\" srcset=\"https:\/\/corrientesdetarde.com\/wp-content\/uploads\/2023\/07\/image-70-1024x683.png 1024w, https:\/\/corrientesdetarde.com\/wp-content\/uploads\/2023\/07\/image-70-300x200.png 300w, https:\/\/corrientesdetarde.com\/wp-content\/uploads\/2023\/07\/image-70-768x512.png 768w, https:\/\/corrientesdetarde.com\/wp-content\/uploads\/2023\/07\/image-70-1536x1024.png 1536w, https:\/\/corrientesdetarde.com\/wp-content\/uploads\/2023\/07\/image-70.png 1599w\" sizes=\"auto, (max-width: 1024px) 100vw, 1024px\" \/><\/figure>\n\n\n\n<figure class=\"wp-block-image size-large\"><img loading=\"lazy\" decoding=\"async\" width=\"1024\" height=\"680\" src=\"https:\/\/corrientesdetarde.com\/wp-content\/uploads\/2023\/07\/image-71-1024x680.png\" alt=\"\" class=\"wp-image-71503\" srcset=\"https:\/\/corrientesdetarde.com\/wp-content\/uploads\/2023\/07\/image-71-1024x680.png 1024w, https:\/\/corrientesdetarde.com\/wp-content\/uploads\/2023\/07\/image-71-300x199.png 300w, https:\/\/corrientesdetarde.com\/wp-content\/uploads\/2023\/07\/image-71-768x510.png 768w, https:\/\/corrientesdetarde.com\/wp-content\/uploads\/2023\/07\/image-71.png 1072w\" sizes=\"auto, (max-width: 1024px) 100vw, 1024px\" \/><\/figure>\n\n\n\n<figure class=\"wp-block-image size-large\"><img loading=\"lazy\" decoding=\"async\" width=\"1024\" height=\"682\" src=\"https:\/\/corrientesdetarde.com\/wp-content\/uploads\/2023\/07\/image-72-1024x682.png\" alt=\"\" class=\"wp-image-71504\" srcset=\"https:\/\/corrientesdetarde.com\/wp-content\/uploads\/2023\/07\/image-72-1024x682.png 1024w, https:\/\/corrientesdetarde.com\/wp-content\/uploads\/2023\/07\/image-72-300x200.png 300w, https:\/\/corrientesdetarde.com\/wp-content\/uploads\/2023\/07\/image-72-768x512.png 768w, https:\/\/corrientesdetarde.com\/wp-content\/uploads\/2023\/07\/image-72-1536x1023.png 1536w, https:\/\/corrientesdetarde.com\/wp-content\/uploads\/2023\/07\/image-72.png 1600w\" sizes=\"auto, (max-width: 1024px) 100vw, 1024px\" \/><\/figure>\n\n\n\n<figure class=\"wp-block-image size-large\"><img loading=\"lazy\" decoding=\"async\" width=\"1024\" height=\"680\" src=\"https:\/\/corrientesdetarde.com\/wp-content\/uploads\/2023\/07\/image-73-1024x680.png\" alt=\"\" class=\"wp-image-71505\" srcset=\"https:\/\/corrientesdetarde.com\/wp-content\/uploads\/2023\/07\/image-73-1024x680.png 1024w, https:\/\/corrientesdetarde.com\/wp-content\/uploads\/2023\/07\/image-73-300x199.png 300w, https:\/\/corrientesdetarde.com\/wp-content\/uploads\/2023\/07\/image-73-768x510.png 768w, https:\/\/corrientesdetarde.com\/wp-content\/uploads\/2023\/07\/image-73.png 1072w\" sizes=\"auto, (max-width: 1024px) 100vw, 1024px\" \/><\/figure>\n\n\n\n<figure class=\"wp-block-image size-full\"><img loading=\"lazy\" decoding=\"async\" width=\"720\" height=\"379\" src=\"https:\/\/corrientesdetarde.com\/wp-content\/uploads\/2023\/07\/image-74.png\" alt=\"\" class=\"wp-image-71506\" srcset=\"https:\/\/corrientesdetarde.com\/wp-content\/uploads\/2023\/07\/image-74.png 720w, https:\/\/corrientesdetarde.com\/wp-content\/uploads\/2023\/07\/image-74-300x158.png 300w\" sizes=\"auto, (max-width: 720px) 100vw, 720px\" \/><\/figure>\n\n\n\n<figure class=\"wp-block-image size-large\"><img loading=\"lazy\" decoding=\"async\" width=\"1024\" height=\"682\" src=\"https:\/\/corrientesdetarde.com\/wp-content\/uploads\/2023\/07\/image-75-1024x682.png\" alt=\"\" class=\"wp-image-71507\" srcset=\"https:\/\/corrientesdetarde.com\/wp-content\/uploads\/2023\/07\/image-75-1024x682.png 1024w, https:\/\/corrientesdetarde.com\/wp-content\/uploads\/2023\/07\/image-75-300x200.png 300w, https:\/\/corrientesdetarde.com\/wp-content\/uploads\/2023\/07\/image-75-768x512.png 768w, https:\/\/corrientesdetarde.com\/wp-content\/uploads\/2023\/07\/image-75-1536x1023.png 1536w, https:\/\/corrientesdetarde.com\/wp-content\/uploads\/2023\/07\/image-75.png 1600w\" sizes=\"auto, (max-width: 1024px) 100vw, 1024px\" \/><\/figure>\n","protected":false},"excerpt":{"rendered":"<p>En la \u00faltima semana de junio se desarrollaron los selectivos locales de los Juegos Culturales Correntinos en 37 municipios de la provincia. A partir de este viernes, en la localidad&hellip; <\/p>\n","protected":false},"author":8,"featured_media":71504,"comment_status":"closed","ping_status":"open","sticky":false,"template":"","format":"standard","meta":{"footnotes":""},"categories":[15],"tags":[],"class_list":["post-71500","post","type-post","status-publish","format-standard","has-post-thumbnail","hentry","category-cultura"],"_links":{"self":[{"href":"https:\/\/corrientesdetarde.com\/index.php\/wp-json\/wp\/v2\/posts\/71500","targetHints":{"allow":["GET"]}}],"collection":[{"href":"https:\/\/corrientesdetarde.com\/index.php\/wp-json\/wp\/v2\/posts"}],"about":[{"href":"https:\/\/corrientesdetarde.com\/index.php\/wp-json\/wp\/v2\/types\/post"}],"author":[{"embeddable":true,"href":"https:\/\/corrientesdetarde.com\/index.php\/wp-json\/wp\/v2\/users\/8"}],"replies":[{"embeddable":true,"href":"https:\/\/corrientesdetarde.com\/index.php\/wp-json\/wp\/v2\/comments?post=71500"}],"version-history":[{"count":1,"href":"https:\/\/corrientesdetarde.com\/index.php\/wp-json\/wp\/v2\/posts\/71500\/revisions"}],"predecessor-version":[{"id":71508,"href":"https:\/\/corrientesdetarde.com\/index.php\/wp-json\/wp\/v2\/posts\/71500\/revisions\/71508"}],"wp:featuredmedia":[{"embeddable":true,"href":"https:\/\/corrientesdetarde.com\/index.php\/wp-json\/wp\/v2\/media\/71504"}],"wp:attachment":[{"href":"https:\/\/corrientesdetarde.com\/index.php\/wp-json\/wp\/v2\/media?parent=71500"}],"wp:term":[{"taxonomy":"category","embeddable":true,"href":"https:\/\/corrientesdetarde.com\/index.php\/wp-json\/wp\/v2\/categories?post=71500"},{"taxonomy":"post_tag","embeddable":true,"href":"https:\/\/corrientesdetarde.com\/index.php\/wp-json\/wp\/v2\/tags?post=71500"}],"curies":[{"name":"wp","href":"https:\/\/api.w.org\/{rel}","templated":true}]}}