{"id":71546,"date":"2023-07-04T16:17:39","date_gmt":"2023-07-04T19:17:39","guid":{"rendered":"https:\/\/corrientesdetarde.com\/?p=71546"},"modified":"2023-07-04T16:21:30","modified_gmt":"2023-07-04T19:21:30","slug":"fernandez-fue-a-la-cumbre-del-mercosur-y-rossi-critico-a-bullrich-y-petri-por-sus-dichos-sobre-los-migrantes","status":"publish","type":"post","link":"https:\/\/corrientesdetarde.com\/index.php\/politica\/fernandez-fue-a-la-cumbre-del-mercosur-y-rossi-critico-a-bullrich-y-petri-por-sus-dichos-sobre-los-migrantes\/","title":{"rendered":"Fern\u00e1ndez fue a la Cumbre del MerCoSur y Rossi critic\u00f3 a Bullrich y Petri por sus dichos sobre los migrantes"},"content":{"rendered":"\n<p>(Juan Pablo Peralta, Casa Rosada) &#8211; El presidente Alberto Fern\u00e1ndez viaj\u00f3 junto a una numerosa comitiva a Puerto Iguaz\u00fa (Misiones), para presidir la Cumbre del MerCoSur donde entreg\u00f3 la presidencia<br>pro tempore que detentaba a Luiz In\u00e1cio Lula da Silva.<\/p>\n\n\n\n<figure class=\"wp-block-embed is-type-video is-provider-youtube wp-block-embed-youtube wp-embed-aspect-4-3 wp-has-aspect-ratio\"><div class=\"wp-block-embed__wrapper\">\n<iframe loading=\"lazy\" title=\"Fern\u00e1ndez fue a la Cumbre del MerCoSur y Rossi critic\u00f3 a Bullrich y Petri\" width=\"1110\" height=\"833\" src=\"https:\/\/www.youtube.com\/embed\/TiyrOGI9_SM?feature=oembed\" frameborder=\"0\" allow=\"accelerometer; autoplay; clipboard-write; encrypted-media; gyroscope; picture-in-picture; web-share\" allowfullscreen><\/iframe>\n<\/div><\/figure>\n\n\n\n<p>En ese marco, llam\u00f3 a fortalecer la integraci\u00f3n regional y volvi\u00f3 a marcar los desequilibrios en los acuerdos que se tratan de cerrar con la Uni\u00f3n Europea. Desliz\u00f3 algo sobre las diferencias que tiene con Luis Lacalle Pou (Uruguay), que quiere avanzar con negociaciones comercial fuera del bloque.<br>En el Museo del Bicentenario de Casa Rosada, Agust\u00edn Rossi (jefe de Gabinete y precandidato a vicepresidente de UP) llev\u00f3 adelante la apertura de la II Reuni\u00f3n de la Plataforma Regional Contra la Trata de Personas y el Tr\u00e1fico Il\u00edcito de Migrantes. En ese marco, cuestion\u00f3 a la precandidata presidencial de Juntos por el Cambio, Patricia Bullrich, y a su precandidato a vice, Luis Petri. Mientras tanto, los cruces entre los integrantes de Uni\u00f3n por la Patria contin\u00faan.<\/p>\n","protected":false},"excerpt":{"rendered":"<p>(Juan Pablo Peralta, Casa Rosada) &#8211; El presidente Alberto Fern\u00e1ndez viaj\u00f3 junto a una numerosa comitiva a Puerto Iguaz\u00fa (Misiones), para presidir la Cumbre del MerCoSur donde entreg\u00f3 la presidenciapro&hellip; <\/p>\n","protected":false},"author":11,"featured_media":71548,"comment_status":"closed","ping_status":"open","sticky":false,"template":"","format":"standard","meta":{"footnotes":""},"categories":[3],"tags":[],"class_list":["post-71546","post","type-post","status-publish","format-standard","has-post-thumbnail","hentry","category-politica"],"_links":{"self":[{"href":"https:\/\/corrientesdetarde.com\/index.php\/wp-json\/wp\/v2\/posts\/71546","targetHints":{"allow":["GET"]}}],"collection":[{"href":"https:\/\/corrientesdetarde.com\/index.php\/wp-json\/wp\/v2\/posts"}],"about":[{"href":"https:\/\/corrientesdetarde.com\/index.php\/wp-json\/wp\/v2\/types\/post"}],"author":[{"embeddable":true,"href":"https:\/\/corrientesdetarde.com\/index.php\/wp-json\/wp\/v2\/users\/11"}],"replies":[{"embeddable":true,"href":"https:\/\/corrientesdetarde.com\/index.php\/wp-json\/wp\/v2\/comments?post=71546"}],"version-history":[{"count":1,"href":"https:\/\/corrientesdetarde.com\/index.php\/wp-json\/wp\/v2\/posts\/71546\/revisions"}],"predecessor-version":[{"id":71547,"href":"https:\/\/corrientesdetarde.com\/index.php\/wp-json\/wp\/v2\/posts\/71546\/revisions\/71547"}],"wp:featuredmedia":[{"embeddable":true,"href":"https:\/\/corrientesdetarde.com\/index.php\/wp-json\/wp\/v2\/media\/71548"}],"wp:attachment":[{"href":"https:\/\/corrientesdetarde.com\/index.php\/wp-json\/wp\/v2\/media?parent=71546"}],"wp:term":[{"taxonomy":"category","embeddable":true,"href":"https:\/\/corrientesdetarde.com\/index.php\/wp-json\/wp\/v2\/categories?post=71546"},{"taxonomy":"post_tag","embeddable":true,"href":"https:\/\/corrientesdetarde.com\/index.php\/wp-json\/wp\/v2\/tags?post=71546"}],"curies":[{"name":"wp","href":"https:\/\/api.w.org\/{rel}","templated":true}]}}