{"id":71549,"date":"2023-07-04T17:23:07","date_gmt":"2023-07-04T20:23:07","guid":{"rendered":"https:\/\/corrientesdetarde.com\/?p=71549"},"modified":"2023-07-04T17:23:13","modified_gmt":"2023-07-04T20:23:13","slug":"sergio-massa-busca-sumar-apoyo-a-su-candidatura-presidencial-y-prepara-una-cumbre-con-gobernadores-peronistas","status":"publish","type":"post","link":"https:\/\/corrientesdetarde.com\/index.php\/politica\/sergio-massa-busca-sumar-apoyo-a-su-candidatura-presidencial-y-prepara-una-cumbre-con-gobernadores-peronistas\/","title":{"rendered":"Sergio Massa busca sumar apoyo a su candidatura presidencial y prepara una cumbre con gobernadores peronistas"},"content":{"rendered":"\n<p>La cumbre ser\u00e1 el mi\u00e9rcoles en el Consejo Federal de Inversiones y participar\u00e1 Axel Kicillof. Ser\u00e1 el primer encuentro del ministro de Econom\u00eda con los jefes provinciales tras el cierre de listas. Tambi\u00e9n estar\u00e1 Agust\u00edn Rossi.<\/p>\n\n\n\n<p>Con la campa\u00f1a electoral ya iniciada, el precandidato presidencial,\u00a0Sergio Massa<strong>,<\/strong>\u00a0sumar\u00e1 otra foto de peso que le servir\u00e1 para recaudar apoyos dentro del oficialismo. Este mi\u00e9rcoles se reunir\u00e1 con gobernadores peronistas encabezados por Axel Kicillof.<\/p>\n\n\n\n<p>Seg\u00fan pudo saber<strong>\u00a0<\/strong>de fuentes oficiales, se realizar\u00e1 una cumbre en el Consejo Federal de Inversiones (CFI), con el objetivo de focalizar en la gesti\u00f3n y sobre todo en la campa\u00f1a que encara el jefe del Frente Renovador. Estar\u00e1 adem\u00e1s el jefe de Gabinete,\u00a0<strong>Agustin Rossi,<\/strong>\u00a0compa\u00f1ero de f\u00f3rmula de Massa.<\/p>\n\n\n\n<p>En clave electoral, el encuentro del mi\u00e9rcoles busca dejar una foto de apoyo de los caciques peronistas a Massa en su carrera hacia la Casa Rosada, en momentos de reformulaci\u00f3n de la \u201cunidad\u201d en el oficialismo, que Massa pretende &#8220;pacificar&#8221;, como anticip\u00f3\u00a0<strong>,<\/strong>\u00a0tras los \u201cheridos\u201d que dej\u00f3 el cierre de listas.<\/p>\n\n\n\n<h2 class=\"wp-block-heading\">El peso de los gobernadores en la candidatura presidencial de Sergio Massa en el oficialismo<\/h2>\n\n\n\n<p>La \u201cLiga de gobernadores peronistas\u201d tuvo una fuerte incidencia en la decisi\u00f3n de catapultar a Massa como<strong>&nbsp;\u201cel candidato de la unidad\u201d<\/strong>&nbsp;en la f\u00f3rmula presidencial del oficialismo.<\/p>\n\n\n\n<p>El binomio Massa-Rossi cont\u00f3 con el respaldo de la mayor parte de la fuerza, previas bajas \u201ca dedazo\u201d de las aspiraciones al Ejecutivo del ministro del Interior, Eduardo &#8220;Wado&#8221; de Pedro<strong>,\u00a0<\/strong>y el embajador de la Argentina en Brasil, Daniel Scioli\u00a0en favor del Palacio de Hacienda. Ser\u00e1 solo el referente de la CTEP,\u00a0<strong>Juan Grabois,<\/strong>\u00a0el que participe de la PASO presidencial del oficialismo contra el exintendente de Tigre.<\/p>\n\n\n\n<h2 class=\"wp-block-heading\">Pese a las fotos de unidad, siguen los cruces entre el kirchnerismo y la Casa Rosada<\/h2>\n\n\n\n<p>La reuni\u00f3n del precandidato presidencial de Uni\u00f3n por la Patria con los gobernadores representar\u00e1 un fuerte mensaje a la interna peronista, porque dar\u00e1 una se\u00f1al de \u201cunidad\u201d en el oficialismo, contra las&nbsp;<strong>calientes disputas<\/strong>&nbsp;que se mantienen en la coalici\u00f3n gobernante tras el cierre de listas entre el kirchnerismo y la Casa Rosada.<\/p>\n\n\n\n<p>Una de ellas la encabezan dos de los \u201cespadachines\u201d de ambos sectores, el ministro de Seguridad,\u00a0<strong>Anibal Fern\u00e1ndez,<\/strong>\u00a0y el senador nacional cristinista,\u00a0<strong>Oscar Parrilli.<\/strong>\u00a0El funcionario albertista chicane\u00f3 a De Pedro, del que dijo que \u201cle<strong>\u00a0falta mucho<\/strong>\u00a0para ser candidato\u201d, y recibi\u00f3 una fuerte r\u00e9plica de Parrilli, uno de los estandartes del kirchnerismo duro: \u201cTal vez est\u00e9 enojado con la vida, con \u00e9l, se mira al espejo y se enoja, no s\u00e9 qu\u00e9 le pasa, es\u00a0<strong>injusto\u00a0<\/strong>lo que est\u00e1 haciendo\u201d.<\/p>\n","protected":false},"excerpt":{"rendered":"<p>La cumbre ser\u00e1 el mi\u00e9rcoles en el Consejo Federal de Inversiones y participar\u00e1 Axel Kicillof. Ser\u00e1 el primer encuentro del ministro de Econom\u00eda con los jefes provinciales tras el cierre&hellip; <\/p>\n","protected":false},"author":8,"featured_media":71550,"comment_status":"closed","ping_status":"open","sticky":false,"template":"","format":"standard","meta":{"footnotes":""},"categories":[3],"tags":[],"class_list":["post-71549","post","type-post","status-publish","format-standard","has-post-thumbnail","hentry","category-politica"],"_links":{"self":[{"href":"https:\/\/corrientesdetarde.com\/index.php\/wp-json\/wp\/v2\/posts\/71549","targetHints":{"allow":["GET"]}}],"collection":[{"href":"https:\/\/corrientesdetarde.com\/index.php\/wp-json\/wp\/v2\/posts"}],"about":[{"href":"https:\/\/corrientesdetarde.com\/index.php\/wp-json\/wp\/v2\/types\/post"}],"author":[{"embeddable":true,"href":"https:\/\/corrientesdetarde.com\/index.php\/wp-json\/wp\/v2\/users\/8"}],"replies":[{"embeddable":true,"href":"https:\/\/corrientesdetarde.com\/index.php\/wp-json\/wp\/v2\/comments?post=71549"}],"version-history":[{"count":1,"href":"https:\/\/corrientesdetarde.com\/index.php\/wp-json\/wp\/v2\/posts\/71549\/revisions"}],"predecessor-version":[{"id":71551,"href":"https:\/\/corrientesdetarde.com\/index.php\/wp-json\/wp\/v2\/posts\/71549\/revisions\/71551"}],"wp:featuredmedia":[{"embeddable":true,"href":"https:\/\/corrientesdetarde.com\/index.php\/wp-json\/wp\/v2\/media\/71550"}],"wp:attachment":[{"href":"https:\/\/corrientesdetarde.com\/index.php\/wp-json\/wp\/v2\/media?parent=71549"}],"wp:term":[{"taxonomy":"category","embeddable":true,"href":"https:\/\/corrientesdetarde.com\/index.php\/wp-json\/wp\/v2\/categories?post=71549"},{"taxonomy":"post_tag","embeddable":true,"href":"https:\/\/corrientesdetarde.com\/index.php\/wp-json\/wp\/v2\/tags?post=71549"}],"curies":[{"name":"wp","href":"https:\/\/api.w.org\/{rel}","templated":true}]}}