{"id":71552,"date":"2023-07-04T17:27:30","date_gmt":"2023-07-04T20:27:30","guid":{"rendered":"https:\/\/corrientesdetarde.com\/?p=71552"},"modified":"2023-07-04T17:27:52","modified_gmt":"2023-07-04T20:27:52","slug":"gasoducto-nestor-kirchner-habilitaron-la-apertura-de-la-quinta-valvula","status":"publish","type":"post","link":"https:\/\/corrientesdetarde.com\/index.php\/nacionales\/gasoducto-nestor-kirchner-habilitaron-la-apertura-de-la-quinta-valvula\/","title":{"rendered":"Gasoducto N\u00e9stor Kirchner: habilitaron la apertura de la quinta v\u00e1lvula"},"content":{"rendered":"\n<p>Ya est\u00e1 lista la infraestructura para la habilitaci\u00f3n y el llenado del kil\u00f3metro 145 al 285 del Gasoducto Presidente N\u00e9stor Kirchner (GPNK).<\/p>\n\n\n\n<p>El Ministro de Econom\u00eda, Sergio Massa, anunci\u00f3 este martes&nbsp;<strong>la apertura de la quinta v\u00e1lvula para la habilitaci\u00f3n y el llenado del kil\u00f3metro 145 al 285 del Gasoducto Presidente N\u00e9stor Kirchner (GPNK)<\/strong>, de cara a la puesta en funcionamiento del mismo prevista para el pr\u00f3ximo 9 de julio.<\/p>\n\n\n\n<p>&#8220;En menos de un a\u00f1o finalizamos una obra de 573 kil\u00f3metros en tiempo r\u00e9cord. Se soldaron 48.000 ca\u00f1os que atraviesan las provincias de Neuqu\u00e9n, R\u00edo Negro, La Pampa y Buenos Aires. Esta es la demostraci\u00f3n de todo lo que podemos lograr con gesti\u00f3n y compromiso&#8221;, inform\u00f3 Massa a trav\u00e9s de su cuenta en Twitter.<\/p>\n\n\n\n<p>Adem\u00e1s, Massa dio cuenta de la apertura de la quinta v\u00e1lvula en el kil\u00f3metro 285 de la traza, a la altura de la provincia de La Pampa.<\/p>\n\n\n\n<p>Tambi\u00e9n desde el Ministerio de Econom\u00eda se destac\u00f3 que&nbsp;<strong>&#8220;ya se encuentra habilitada m\u00e1s de la mitad del trayecto del GPNK que, en su primer tramo y realizado en tiempo r\u00e9cord, cuenta con una extensi\u00f3n de 573 kil\u00f3metros y atraviesa cuatro provincias&#8221;<\/strong>.<\/p>\n\n\n\n<p>En tanto, la Secretar\u00eda de Energ\u00eda, tambi\u00e9n desde la misma red social, enfatiz\u00f3: &#8220;Con la habilitaci\u00f3n del kil\u00f3metro 145 al 285, entramos en la recta final hacia la puesta en funcionamiento del Gasoducto, el pr\u00f3ximo 9 de julio&#8221;.<\/p>\n\n\n\n<p>Econom\u00eda consider\u00f3 al GPNK como una &#8220;obra fundamental para el autoabastecimiento energ\u00e9tico de la Argentina&#8221;, y proyect\u00f3 que &#8220;solamente en lo que queda del a\u00f1o permitir\u00e1 ahorrar US$ 2.100 millones, cubriendo as\u00ed casi la totalidad de la inversi\u00f3n realizada por el Estado para su ejecuci\u00f3n, y US$ 4.200 millones anuales por sustituci\u00f3n de importaciones&#8221;.<\/p>\n\n\n\n<p>La cartera tambi\u00e9n detall\u00f3 que el gasoducto consta de 573 kil\u00f3metros de extensi\u00f3n entre Trayat\u00e9n, provincia de Neuqu\u00e9n, y Salliquel\u00f3, Buenos Aires, pasando tambi\u00e9n por R\u00edo Negro y La Pampa.<\/p>\n\n\n\n<p>&#8220;La obra fue realizada en apenas 10 meses y entre la primera y la \u00faltima soldadura en l\u00ednea regular pasaron s\u00f3lo 178 d\u00edas&#8221;, agreg\u00f3 Econom\u00eda, al tiempo que precis\u00f3 que gener\u00f3 48.800 empleos, entre directos e indirectos.<\/p>\n\n\n\n<figure class=\"wp-block-embed is-type-rich is-provider-twitter wp-block-embed-twitter\"><div class=\"wp-block-embed__wrapper\">\n<blockquote class=\"twitter-tweet\" data-width=\"550\" data-dnt=\"true\"><p lang=\"es\" dir=\"ltr\">Con la apertura de la cuarta v\u00e1lvula del Gasoducto N\u00e9stor Kirchner estamos m\u00e1s cerca de que esta importante obra nos permita ahorrar en lo que queda del a\u00f1o, 2.000 millones de d\u00f3lares en importaciones energ\u00e9ticas y a partir del 2024, 4.200 millones anuales.<a href=\"https:\/\/twitter.com\/hashtag\/CreoEnArgentina?src=hash&amp;ref_src=twsrc%5Etfw\">#CreoEnArgentina<\/a> <a href=\"https:\/\/t.co\/By7dlgvLDO\">pic.twitter.com\/By7dlgvLDO<\/a><\/p>&mdash; Sergio Massa (@SergioMassa) <a href=\"https:\/\/twitter.com\/SergioMassa\/status\/1674546910957555713?ref_src=twsrc%5Etfw\">June 29, 2023<\/a><\/blockquote><script async src=\"https:\/\/platform.twitter.com\/widgets.js\" charset=\"utf-8\"><\/script>\n<\/div><\/figure>\n","protected":false},"excerpt":{"rendered":"<p>Ya est\u00e1 lista la infraestructura para la habilitaci\u00f3n y el llenado del kil\u00f3metro 145 al 285 del Gasoducto Presidente N\u00e9stor Kirchner (GPNK). El Ministro de Econom\u00eda, Sergio Massa, anunci\u00f3 este&hellip; <\/p>\n","protected":false},"author":8,"featured_media":71553,"comment_status":"closed","ping_status":"open","sticky":false,"template":"","format":"standard","meta":{"footnotes":""},"categories":[10],"tags":[],"class_list":["post-71552","post","type-post","status-publish","format-standard","has-post-thumbnail","hentry","category-nacionales"],"_links":{"self":[{"href":"https:\/\/corrientesdetarde.com\/index.php\/wp-json\/wp\/v2\/posts\/71552","targetHints":{"allow":["GET"]}}],"collection":[{"href":"https:\/\/corrientesdetarde.com\/index.php\/wp-json\/wp\/v2\/posts"}],"about":[{"href":"https:\/\/corrientesdetarde.com\/index.php\/wp-json\/wp\/v2\/types\/post"}],"author":[{"embeddable":true,"href":"https:\/\/corrientesdetarde.com\/index.php\/wp-json\/wp\/v2\/users\/8"}],"replies":[{"embeddable":true,"href":"https:\/\/corrientesdetarde.com\/index.php\/wp-json\/wp\/v2\/comments?post=71552"}],"version-history":[{"count":1,"href":"https:\/\/corrientesdetarde.com\/index.php\/wp-json\/wp\/v2\/posts\/71552\/revisions"}],"predecessor-version":[{"id":71554,"href":"https:\/\/corrientesdetarde.com\/index.php\/wp-json\/wp\/v2\/posts\/71552\/revisions\/71554"}],"wp:featuredmedia":[{"embeddable":true,"href":"https:\/\/corrientesdetarde.com\/index.php\/wp-json\/wp\/v2\/media\/71553"}],"wp:attachment":[{"href":"https:\/\/corrientesdetarde.com\/index.php\/wp-json\/wp\/v2\/media?parent=71552"}],"wp:term":[{"taxonomy":"category","embeddable":true,"href":"https:\/\/corrientesdetarde.com\/index.php\/wp-json\/wp\/v2\/categories?post=71552"},{"taxonomy":"post_tag","embeddable":true,"href":"https:\/\/corrientesdetarde.com\/index.php\/wp-json\/wp\/v2\/tags?post=71552"}],"curies":[{"name":"wp","href":"https:\/\/api.w.org\/{rel}","templated":true}]}}