{"id":71593,"date":"2023-07-04T21:14:22","date_gmt":"2023-07-05T00:14:22","guid":{"rendered":"https:\/\/corrientesdetarde.com\/?p=71593"},"modified":"2023-07-04T21:14:44","modified_gmt":"2023-07-05T00:14:44","slug":"el-abogado-de-cesar-sena-pidio-que-se-investigue-la-causa-como-desaparicion-forzada","status":"publish","type":"post","link":"https:\/\/corrientesdetarde.com\/index.php\/crimen-y-justicia\/el-abogado-de-cesar-sena-pidio-que-se-investigue-la-causa-como-desaparicion-forzada\/","title":{"rendered":"el abogado de C\u00e9sar Sena pidi\u00f3 que se investigue la causa como &#8220;desaparici\u00f3n forzada&#8221;"},"content":{"rendered":"\n<p>Los otros cuatro imputados, todos ellos considerados &#8220;encubridores&#8221; del hecho, tambi\u00e9n recurrieron la decisi\u00f3n judicial que los mantiene detenidos.<\/p>\n\n\n\n<p>&nbsp;El abogado Ricardo Osuna, defensor de C\u00e9sar Sena, inform\u00f3 que al vencerse el plazo de ley para objetar la resoluci\u00f3n dictada por los integrantes del Equipo Fiscal Especial (EFE) de Resistencia, decidi\u00f3 apelar ante la C\u00e1mara de Apelaciones en lo Criminal y Correccional de Resistencia.<\/p>\n\n\n\n<p>&nbsp;&#8220;Lo que propuse es un cambio en la calificaci\u00f3n. No se puede hablar de un homicidio, ya que no est\u00e1 acreditado que Cecilia muri\u00f3. Deber\u00edamos hablar de una desaparici\u00f3n forzada de persona porque no hay un cuerpo. Si bien se prob\u00f3 que los restos \u00f3seos y la sangre hallada ser\u00edan humanos, no est\u00e1 comprobado que sean de ella&#8221;, indic\u00f3 el letrado, en di\u00e1logo con Infobae.<\/p>\n\n\n\n<p>Ahora, esa c\u00e1mara deber\u00e1 fijar fecha de audiencia oral, despu\u00e9s de la feria judicial de mediados de mes, y all\u00ed el abogado Osuna expondr\u00e1 los motivos por los cuales recurri\u00f3 el fallo de los fiscales Jorge C\u00e1ceres Olivera, Jorge G\u00f3mez y Nelia Vel\u00e1zquez que proces\u00f3 con prisi\u00f3n preventiva a C\u00e9sar por el delito de &#8220;homicidio triplemente agravado por el v\u00ednculo, por femicidio y por el concurso premeditado de dos o m\u00e1s personas&#8221;.<\/p>\n\n\n\n<p>&nbsp;<br><strong>CASO CECILIA STRZYZOWSKI: APELAN PRISIONES PREVENTIVAS<\/strong><br>Fuentes judiciales aseguraron que, al igual que Osuna, tambi\u00e9n decidieron apelar las prisiones preventivas que les impusieron por el delito de &#8220;encubrimiento agravado&#8221;, las tres defensas oficiales de Gustavo Obreg\u00f3n, Fabiana Gonz\u00e1lez y Griselda Reinoso, y la abogada particular de Gustavo Melgarejo, M\u00f3nica S\u00e1nchez.<\/p>\n\n\n\n<p>&nbsp;<br>Al respecto, ya fue conformada la C\u00e1mara de Apelaciones que resolver\u00e1 las objeciones defensistas. Los jueces H\u00e9ctor Geijo, Daniela Meiri\u00f1o y Ernesto Azcona deber\u00e1n fijar una audiencia a cada una de las partes para que de manera oral argumenten los motivos de las apelaciones.<\/p>\n\n\n\n<p>En tanto, el pasado viernes, los abogados Juan Carlos Seife y Sebasti\u00e1n Vallejos, hab\u00edan presentado su oposici\u00f3n a las prisiones preventiva de los acusados Acu\u00f1a y Emerenciano Sena, acusados por homicidio agravado por el concurso premeditado por dos o m\u00e1s personas.<\/p>\n\n\n\n<p>La Justicia de Chaco establece existen dos v\u00edas para recurrir las prisiones preventivas: la opci\u00f3n ante el juzgado de Garant\u00edas y la apelaci\u00f3n ante la C\u00e1mara de Apelaciones, y que los defensores deber\u00e1n optar por uno u otra de manera excluyente y en base a las estrategias que pretendan desplegar.<\/p>\n\n\n\n<p>En el caso de Sena y Acu\u00f1a, la oposici\u00f3n ser\u00e1 resuelta en otra audiencia oral con fecha a designar por el juez H\u00e9ctor Sandoval.<\/p>\n","protected":false},"excerpt":{"rendered":"<p>Los otros cuatro imputados, todos ellos considerados &#8220;encubridores&#8221; del hecho, tambi\u00e9n recurrieron la decisi\u00f3n judicial que los mantiene detenidos. &nbsp;El abogado Ricardo Osuna, defensor de C\u00e9sar Sena, inform\u00f3 que al&hellip; <\/p>\n","protected":false},"author":1,"featured_media":71601,"comment_status":"closed","ping_status":"open","sticky":false,"template":"","format":"standard","meta":{"footnotes":""},"categories":[5],"tags":[],"class_list":["post-71593","post","type-post","status-publish","format-standard","has-post-thumbnail","hentry","category-crimen-y-justicia"],"_links":{"self":[{"href":"https:\/\/corrientesdetarde.com\/index.php\/wp-json\/wp\/v2\/posts\/71593","targetHints":{"allow":["GET"]}}],"collection":[{"href":"https:\/\/corrientesdetarde.com\/index.php\/wp-json\/wp\/v2\/posts"}],"about":[{"href":"https:\/\/corrientesdetarde.com\/index.php\/wp-json\/wp\/v2\/types\/post"}],"author":[{"embeddable":true,"href":"https:\/\/corrientesdetarde.com\/index.php\/wp-json\/wp\/v2\/users\/1"}],"replies":[{"embeddable":true,"href":"https:\/\/corrientesdetarde.com\/index.php\/wp-json\/wp\/v2\/comments?post=71593"}],"version-history":[{"count":1,"href":"https:\/\/corrientesdetarde.com\/index.php\/wp-json\/wp\/v2\/posts\/71593\/revisions"}],"predecessor-version":[{"id":71602,"href":"https:\/\/corrientesdetarde.com\/index.php\/wp-json\/wp\/v2\/posts\/71593\/revisions\/71602"}],"wp:featuredmedia":[{"embeddable":true,"href":"https:\/\/corrientesdetarde.com\/index.php\/wp-json\/wp\/v2\/media\/71601"}],"wp:attachment":[{"href":"https:\/\/corrientesdetarde.com\/index.php\/wp-json\/wp\/v2\/media?parent=71593"}],"wp:term":[{"taxonomy":"category","embeddable":true,"href":"https:\/\/corrientesdetarde.com\/index.php\/wp-json\/wp\/v2\/categories?post=71593"},{"taxonomy":"post_tag","embeddable":true,"href":"https:\/\/corrientesdetarde.com\/index.php\/wp-json\/wp\/v2\/tags?post=71593"}],"curies":[{"name":"wp","href":"https:\/\/api.w.org\/{rel}","templated":true}]}}