{"id":71615,"date":"2023-07-04T23:09:40","date_gmt":"2023-07-05T02:09:40","guid":{"rendered":"https:\/\/corrientesdetarde.com\/?p=71615"},"modified":"2023-07-04T23:10:02","modified_gmt":"2023-07-05T02:10:02","slug":"una-nena-murio-tras-dispararse-con-un-arma-robada-que-su-padre-guardaba-en-un-placard","status":"publish","type":"post","link":"https:\/\/corrientesdetarde.com\/index.php\/policiales\/una-nena-murio-tras-dispararse-con-un-arma-robada-que-su-padre-guardaba-en-un-placard\/","title":{"rendered":"Una nena muri\u00f3 tras dispararse con un arma robada que su padre guardaba en un placard"},"content":{"rendered":"\n<p>Un tr\u00e1gico episodio ocurri\u00f3 el pasado domingo en la localidad de Pontevedra, partido bonaerense de Merlo, donde una ni\u00f1a de 8 a\u00f1os muri\u00f3 al dispararse por accidente con un arma de fuego que su padre guardaba en un placard de su habitaci\u00f3n. El mayor a cargo de la v\u00edctima qued\u00f3 detenido, al ser imputado por la tenencia de la pistola y el encubrimiento de la misma, debido a que ten\u00eda pedido de secuestro desde 2018.<\/p>\n\n\n\n<p>El aberrante hecho ocurri\u00f3 en una vivienda situada en la calle Necochea al 3700, donde la v\u00edctima viv\u00eda junto a su padre. Tras recibir una denuncia al 911, hasta all\u00ed se dirigi\u00f3 personal de la comisar\u00eda quinta del mencionado distrito de la zona oeste de la provincia de Buenos Aires.<\/p>\n\n\n\n<p>&nbsp;<br>Un familiar de la ni\u00f1a, identificada como Camilia Digiovanni, dialog\u00f3 con el portal Merlo Real y cont\u00f3 que la peque\u00f1a se encontraba en su habitaci\u00f3n, ubicada en la planta alta de la casa, junto a una amiga cuando tom\u00f3 un arma, guardada en un ropero, para jugar. Sin embargo, todo termin\u00f3 en tragedia: se dispar\u00f3 accidentalmente en el rostro, el cual le provoc\u00f3 un orificio de entrada y otro de salida.<\/p>\n\n\n\n<p>Te puede interesar: Dragon Ball Z y consejos para matar: las b\u00fasquedas de Google del condenado por degollar a su cu\u00f1ada de 14 a\u00f1os<\/p>\n\n\n\n<p>Por su parte el padre de la ni\u00f1a, identificado como J.C.D., de 42 a\u00f1os, brind\u00f3 declaraci\u00f3n ante el doctor Walter Leguisamo, titular de la UFI N\u00b0 2 del Departamento Judicial de Mor\u00f3n y fiscal a cargo de la investigaci\u00f3n. Durante su testimonio, el hombre dijo que escuch\u00f3 la detonaci\u00f3n y subi\u00f3 inmediatamente las escaleras, pero al llegar a la habitaci\u00f3n encontr\u00f3 a su hija inconsciente tras dispararse con un arma de fuego. Luego, los peritos constataron que se trataba de una pistola calibre 9 mil\u00edmetros marca Glock 17, la cual el padre de la v\u00edctima guardada en el placard.<\/p>\n\n\n\n<p>Los peritos de la Superintendencia de Polic\u00eda Cient\u00edfica de la Polic\u00eda Bonaerense secuestraron la pistola, que contaba con 15 municiones en su cargador. Adem\u00e1s, hallaron una vaina servida y su respectivo plomo.<\/p>\n\n\n\n<p>Fuentes judiciales consultadas por Infobae precisaron que J.C.D. fue aprehendido por la polic\u00eda y qued\u00f3 imputado por la tenencia del arma y el encubrimiento de la misma, debido a que contaba con pedido de captura desde el 3 de octubre del a\u00f1o 2018. Por su parte, el fiscal Leguisamo aguarda los resultados tanto de la autopsia como del resto de las pericias, seg\u00fan le precisaron a este medio.<\/p>\n","protected":false},"excerpt":{"rendered":"<p>Un tr\u00e1gico episodio ocurri\u00f3 el pasado domingo en la localidad de Pontevedra, partido bonaerense de Merlo, donde una ni\u00f1a de 8 a\u00f1os muri\u00f3 al dispararse por accidente con un arma&hellip; <\/p>\n","protected":false},"author":1,"featured_media":71620,"comment_status":"closed","ping_status":"open","sticky":false,"template":"","format":"standard","meta":{"footnotes":""},"categories":[33],"tags":[],"class_list":["post-71615","post","type-post","status-publish","format-standard","has-post-thumbnail","hentry","category-policiales"],"_links":{"self":[{"href":"https:\/\/corrientesdetarde.com\/index.php\/wp-json\/wp\/v2\/posts\/71615","targetHints":{"allow":["GET"]}}],"collection":[{"href":"https:\/\/corrientesdetarde.com\/index.php\/wp-json\/wp\/v2\/posts"}],"about":[{"href":"https:\/\/corrientesdetarde.com\/index.php\/wp-json\/wp\/v2\/types\/post"}],"author":[{"embeddable":true,"href":"https:\/\/corrientesdetarde.com\/index.php\/wp-json\/wp\/v2\/users\/1"}],"replies":[{"embeddable":true,"href":"https:\/\/corrientesdetarde.com\/index.php\/wp-json\/wp\/v2\/comments?post=71615"}],"version-history":[{"count":1,"href":"https:\/\/corrientesdetarde.com\/index.php\/wp-json\/wp\/v2\/posts\/71615\/revisions"}],"predecessor-version":[{"id":71621,"href":"https:\/\/corrientesdetarde.com\/index.php\/wp-json\/wp\/v2\/posts\/71615\/revisions\/71621"}],"wp:featuredmedia":[{"embeddable":true,"href":"https:\/\/corrientesdetarde.com\/index.php\/wp-json\/wp\/v2\/media\/71620"}],"wp:attachment":[{"href":"https:\/\/corrientesdetarde.com\/index.php\/wp-json\/wp\/v2\/media?parent=71615"}],"wp:term":[{"taxonomy":"category","embeddable":true,"href":"https:\/\/corrientesdetarde.com\/index.php\/wp-json\/wp\/v2\/categories?post=71615"},{"taxonomy":"post_tag","embeddable":true,"href":"https:\/\/corrientesdetarde.com\/index.php\/wp-json\/wp\/v2\/tags?post=71615"}],"curies":[{"name":"wp","href":"https:\/\/api.w.org\/{rel}","templated":true}]}}