{"id":71625,"date":"2023-07-05T08:35:30","date_gmt":"2023-07-05T11:35:30","guid":{"rendered":"https:\/\/corrientesdetarde.com\/?p=71625"},"modified":"2023-07-05T08:35:33","modified_gmt":"2023-07-05T11:35:33","slug":"la-camara-de-diputados-de-corrientes-sesionara-hoy-para-solicitar-al-gobierno-nacional-el-respeto-de-los-tratados-internacionales","status":"publish","type":"post","link":"https:\/\/corrientesdetarde.com\/index.php\/locales\/la-camara-de-diputados-de-corrientes-sesionara-hoy-para-solicitar-al-gobierno-nacional-el-respeto-de-los-tratados-internacionales\/","title":{"rendered":"LA C\u00e1mara de Diputados de Corrientes sesionar\u00e1 hoy para solicitar al Gobierno Nacional el respeto de los tratados internacionales"},"content":{"rendered":"\n<p>Solicitar\u00e1n a Naci\u00f3n el respeto de los tratados internacionales e informes sobre los l\u00edmites de Argentina y Paraguay (en la zona de la isla Apip\u00e9 y represa Yacyret\u00e1).\u00a0<\/p>\n\n\n\n<p>Tras el incidente ocurrido entre pescadores correntinos y la Prefectura paraguaya, hoy la C\u00e1mara de Diputados de Corrientes sesionar\u00e1 en la localidad de San Antonio (Isla Apip\u00e9 Grande) para solicitar al Gobierno Nacional el respeto de los tratados internacionales, informes sobre los l\u00edmites de Argentina y Paraguay (en la zona de la isla Apip\u00e9 y represa Yacyret\u00e1) y que se eleve una formal protesta al Gobierno del pa\u00eds vecino.&nbsp;<\/p>\n\n\n\n<p>En el marco de la denuncia que present\u00f3 el gobernador Gustavo Vald\u00e9s ante lo ocurrido en la zona de Punta \u00d1ar\u00f3, donde efectivos del vecino pa\u00eds abordaron una embarcaci\u00f3n de pescadores correntinos, los legisladores de la C\u00e1mara Baja de Corrientes se trasladaron y hoy sesionar\u00e1n desde las 11 en el Colegio Secundario Doctor Adolfo Contte ubicado en la zona de conflicto, para debatir un amplio temario que incluye varios proyectos sobre el incidente lim\u00edtrofe.<\/p>\n\n\n\n<p>Proyectos<\/p>\n\n\n\n<p>Desde el oficialismo local, solicitan al Poder Ejecutivo Nacional y a los legisladores nacionales realicen las gestiones oficiales pertinentes, para que se respeten los tratados suscriptos con la Rep\u00fablica del Paraguay y los l\u00edmites establecidos por ley nacional 770.<\/p>\n\n\n\n<p>Mientras que el Frente de Todos, peticiona al Ministerio de Relaciones Exteriores y Culto de la Naci\u00f3n informe con exactitud el l\u00edmite de la Rep\u00fablica Argentina y la Rep\u00fablica del Paraguay en la zona de la isla Apip\u00e9 y represa Yacyret\u00e1 y el env\u00edo de las actuaciones existentes al Congreso de la Naci\u00f3n. Tambi\u00e9n mediante otra iniciativa piden al Ministerio de Relaciones Exteriores y Culto de la Naci\u00f3n eleve formal protesta al Gobierno de la Rep\u00fablica del Paraguay.<\/p>\n\n\n\n<p>Adem\u00e1s en el temario tambi\u00e9n hay un proyecto de preocupaci\u00f3n por el incidente ocurrido el pasado fin de semana entre efectivos de la Prefectura General Naval del Paraguay y pescadores correntinos, en aguas argentinas frente a la localidad de Ituzaing\u00f3.<\/p>\n\n\n\n<p>L\u00edmites<\/p>\n\n\n\n<p>Y en este marco, donde el eje central del debate legislativo ser\u00e1 el tema lim\u00edtrofe entre la Argentina y el Paraguay, ayer el diputado provincial Norberto Ast, en declaraciones al Matutino de Mega explic\u00f3 la legislaci\u00f3n sobre los l\u00edmites entre la Argentina y Paraguay. \u201cHay una ley de 1871 en la cual se establecen los l\u00edmites y se especifica que la Isla Apip\u00e9 pertenece a la Argentina y la Isla Yacyret\u00e1, a la Rep\u00fablica del Paraguay. Adem\u00e1s, se establece como l\u00edmite el brazo del r\u00edo Paran\u00e1 que separa estas dos islas, -que en ese momento era el canal de navegaci\u00f3n- y el l\u00edmite que se toma entre las dos naciones es ese canal. Luego, durante la \u00faltima dictadura militar y cuando empiezan las obras en Yacyret\u00e1 se establecen pactos y actas de acuerdo, pero que nunca fueron ratificados por ley en nuestro pa\u00eds\u201d, se\u00f1al\u00f3.&nbsp;<\/p>\n\n\n\n<p>\u201cLo hizo el \u00faltimo presidente de facto que ha tenido la Argentina (Reynaldo Bignone), sin representaci\u00f3n leg\u00edtima, sin tener el apoyo de la sociedad puesto que lleg\u00f3 al poder a trav\u00e9s de una usurpaci\u00f3n. Firma un pacto en el cual cambia el l\u00edmite entre los dos pa\u00edses, y corre el l\u00edmite del brazo norte que rodea la isla Apip\u00e9 hacia el lado sur, es decir entre la isla y la ciudad de Ituzaing\u00f3, con lo cual la isla queda rodeada de -supuestamente- aguas paraguayas. Pero esto luego ten\u00eda que ser ratificado por ley, hecho que nunca se dio en la Argentina\u201d, agreg\u00f3.&nbsp;<\/p>\n\n\n\n<p>\u201cAhora bien, eso nunca fue ratificado por ley, solo hay un acta, como consecuencia de las obras de Yacyret\u00e1 puesto que las obras, de alguna manera, tambi\u00e9n cambiaron el canal de navegaci\u00f3n, que antes era por la zona norte y pasaba a ser por la zona sur\u201d, expres\u00f3. \u201cVamos a solicitar mediante actos resolutivos la intervenci\u00f3n de Canciller\u00eda, de nuestros legisladores nacionales, apoyando el reclamo que viene haciendo nuestro gobernador y sobre todo d\u00e1ndole fortaleza a nuestros pobladores de la Isla Apip\u00e9\u201d, cerr\u00f3.<\/p>\n\n\n\n<p>La sesi\u00f3n se concretar\u00e1 hoy y a la espera del desembarco del ministro de Relaciones Exteriores, Comercio Internacional y Culto, Santiago Cafiero, quien habr\u00eda prometido a Vald\u00e9s llegar a la zona para crear una \u201ccomisi\u00f3n negociadora para evitar que se vuelvan a producir incidentes como el del fin de semana pasado\u201d, detall\u00f3 Infobae referirse al conflicto con el Paraguay\u201d. Adem\u00e1s, se especula que la llegada del Canciller puede producirse en la jornada de hoy, tras el cierre de la Cumbre del Mercosur que finaliz\u00f3 ayer.<\/p>\n\n\n\n<p>Cabe consignar que el gobernador Gustavo Vald\u00e9s recibi\u00f3 este lunes en su despacho, de Casa de Gobierno al actual gobernador de \u00d1eembuc\u00fa, Emmanuel Cuevas, y al gobernador electo, V\u00edctor Hugo Forner\u00f3n, con quienes dialog\u00f3 sobre los puntos en com\u00fan entre Corrientes y Paraguay con el fin de fortalecer lazos.<\/p>\n\n\n\n<p>\u201cEs un tema que buscamos trabajar para ponerle una reglamentaci\u00f3n en conjunto\u201d y \u201cque le permitir\u00e1 a los turistas argentinos y paraguayos navegar y pescar libremente\u201d, dijo Forner\u00f3n sobre el problema lim\u00edtrofe y luego que desde su pa\u00eds salieran aclarar que \u201cest\u00e1n trabajando para subsanar el mal entendido que ocurri\u00f3 entre nuestra gente y los hermanos argentinos\u201d.<\/p>\n\n\n\n<p>Cabe consignar que est\u00e1 ser\u00e1 la segunda sesi\u00f3n itinerante de la C\u00e1mara de Diputados, despu\u00e9s de m\u00e1s de 20 a\u00f1os dado que a principios de mayo del 2022, los legisladores sesionar\u00e1n en Goya, la segunda ciudad m\u00e1s grande de Corrientes.&nbsp;<\/p>\n\n\n\n<p>El \u00faltimo encuentro parlamentario fuera de Capital se realiz\u00f3 en marzo de 1999, en San Roque. En tanto, en la agenda figuran temas regionales como la solicitud al Poder Ejecutivo Nacional de inclusi\u00f3n de una partida espec\u00edfica en el proyecto de Ley de Presupuesto Nacional pr\u00f3ximo, para la construcci\u00f3n del puente Goya-Reconquista o Lavalle-Avellaneda.<\/p>\n","protected":false},"excerpt":{"rendered":"<p>Solicitar\u00e1n a Naci\u00f3n el respeto de los tratados internacionales e informes sobre los l\u00edmites de Argentina y Paraguay (en la zona de la isla Apip\u00e9 y represa Yacyret\u00e1).\u00a0 Tras el&hellip; <\/p>\n","protected":false},"author":4,"featured_media":71632,"comment_status":"closed","ping_status":"open","sticky":false,"template":"","format":"standard","meta":{"footnotes":""},"categories":[23,8],"tags":[],"class_list":["post-71625","post","type-post","status-publish","format-standard","has-post-thumbnail","hentry","category-actualidad","category-locales"],"_links":{"self":[{"href":"https:\/\/corrientesdetarde.com\/index.php\/wp-json\/wp\/v2\/posts\/71625","targetHints":{"allow":["GET"]}}],"collection":[{"href":"https:\/\/corrientesdetarde.com\/index.php\/wp-json\/wp\/v2\/posts"}],"about":[{"href":"https:\/\/corrientesdetarde.com\/index.php\/wp-json\/wp\/v2\/types\/post"}],"author":[{"embeddable":true,"href":"https:\/\/corrientesdetarde.com\/index.php\/wp-json\/wp\/v2\/users\/4"}],"replies":[{"embeddable":true,"href":"https:\/\/corrientesdetarde.com\/index.php\/wp-json\/wp\/v2\/comments?post=71625"}],"version-history":[{"count":1,"href":"https:\/\/corrientesdetarde.com\/index.php\/wp-json\/wp\/v2\/posts\/71625\/revisions"}],"predecessor-version":[{"id":71633,"href":"https:\/\/corrientesdetarde.com\/index.php\/wp-json\/wp\/v2\/posts\/71625\/revisions\/71633"}],"wp:featuredmedia":[{"embeddable":true,"href":"https:\/\/corrientesdetarde.com\/index.php\/wp-json\/wp\/v2\/media\/71632"}],"wp:attachment":[{"href":"https:\/\/corrientesdetarde.com\/index.php\/wp-json\/wp\/v2\/media?parent=71625"}],"wp:term":[{"taxonomy":"category","embeddable":true,"href":"https:\/\/corrientesdetarde.com\/index.php\/wp-json\/wp\/v2\/categories?post=71625"},{"taxonomy":"post_tag","embeddable":true,"href":"https:\/\/corrientesdetarde.com\/index.php\/wp-json\/wp\/v2\/tags?post=71625"}],"curies":[{"name":"wp","href":"https:\/\/api.w.org\/{rel}","templated":true}]}}