{"id":71626,"date":"2023-07-05T08:29:12","date_gmt":"2023-07-05T11:29:12","guid":{"rendered":"https:\/\/corrientesdetarde.com\/?p=71626"},"modified":"2023-07-05T08:29:16","modified_gmt":"2023-07-05T11:29:16","slug":"gloria-romero-pide-mantener-la-memoria-de-cecilia-con-el-color-rosa-adornando-el-puente-chaco-corrientes","status":"publish","type":"post","link":"https:\/\/corrientesdetarde.com\/index.php\/locales\/gloria-romero-pide-mantener-la-memoria-de-cecilia-con-el-color-rosa-adornando-el-puente-chaco-corrientes\/","title":{"rendered":"Gloria Romero pide mantener LA memoria de Cecilia con el color rosa adornando el puente Chaco-Corrientes"},"content":{"rendered":"\n<p>La mujer, a trav\u00e9s de su cuenta de Instagram, requiri\u00f3 a quienes habitualmente usan el puente para hacer actividad f\u00edsica, que sigan colocando cintas o cualquier otro elemento color rosa para mantener el recuerdo en ese lugar.\u00a0<\/p>\n\n\n\n<p>Luego de la marcha del pasado domingo, que uni\u00f3 el apoyo de Chaco y de Corrientes sobre el puente interprovincial, la mam\u00e1 de Cecilia Strzyzowski, Gloria Romero pidi\u00f3 a trav\u00e9s de sus redes sociales mantener el recuerdo de la joven en ese lugar, continuando con la colocaci\u00f3n de cintas o cualquier otro elemento color rosa.<\/p>\n\n\n\n<p>&#8220;Pido a la gente que va a correr, andar en bicicleta o caminar por la zona del puente llevar algo rosa para seguir manteniendo como un santuario rosa. Lleven globos, cintas, remeras, cartas o lo que quieran imprimir y pegar. Esta tarde, si puedo, voy a llevar la cara gigante de Ceci para pegarla en uno de los pilares del puente&#8221;, se\u00f1alo.<\/p>\n\n\n\n<p>As\u00ed, agreg\u00f3: &#8220;Me gustar\u00eda que siguiera vivo todo eso, qued\u00f3 muy bonito y de noche se ve lindo, me gusta c\u00f3mo vuelan las telas&#8221;.<\/p>\n\n\n\n<p><strong>Candados y cadenas color rosa<\/strong><\/p>\n\n\n\n<p>Poco despu\u00e9s de ese pedido, y en base a mensajes que recibi\u00f3 de sus seguidores, Gloria cont\u00f3 tambi\u00e9n a trav\u00e9s de su Instagram: &#8220;Me dijeron que alguien mand\u00f3 a limpiar el puente y no qued\u00f3 nada&#8221;.<\/p>\n\n\n\n<p>Frente a eso, propuso: &#8220;En algunas partes del mundo ponen candados como s\u00edmbolo de amor. Consigamos cadenas y candados y pint\u00e9moslos color rosa. Si alguien nos quiere poner trabas, nosotros igual haremos que se acuerden de Cecilia. Si la quieren borrar, no lo van a lograr mientras yo viva&#8221;.<\/p>\n\n\n\n<p><strong>&#8220;A la ma\u00f1ana es cuando m\u00e1s la extra\u00f1o&#8221;<\/strong><\/p>\n\n\n\n<p>&#8220;A la ma\u00f1ana es cuando m\u00e1s la extra\u00f1o, porque yo me levantaba a correr a las 5 de la ma\u00f1ana, y la molestaba&#8221;, cont\u00f3 Gloria en otro de los pasajes de la entrevista donde record\u00f3 c\u00f3mo era su hija, y tambi\u00e9n comparti\u00f3 un audio de los tantos que se enviaban durante el d\u00eda.<\/p>\n\n\n\n<p>&#8220;Ella est\u00e1, siempre va estar. Es parte m\u00eda, est\u00e1 en el viento y en la tierra. Nosotras compart\u00edamos energ\u00edas. Nunca se va a ir, pero tambi\u00e9n al estar su dolor en la tierra, la gente que la lastim\u00f3 la va a pagar, pero no de una forma tr\u00e1gica, sino que ella los va a acariciar y dar amor, y eso es lo peor para una persona oscura, la luz&#8221;, reflexion\u00f3.<\/p>\n","protected":false},"excerpt":{"rendered":"<p>La mujer, a trav\u00e9s de su cuenta de Instagram, requiri\u00f3 a quienes habitualmente usan el puente para hacer actividad f\u00edsica, que sigan colocando cintas o cualquier otro elemento color rosa&hellip; <\/p>\n","protected":false},"author":4,"featured_media":71630,"comment_status":"closed","ping_status":"open","sticky":false,"template":"","format":"standard","meta":{"footnotes":""},"categories":[8],"tags":[],"class_list":["post-71626","post","type-post","status-publish","format-standard","has-post-thumbnail","hentry","category-locales"],"_links":{"self":[{"href":"https:\/\/corrientesdetarde.com\/index.php\/wp-json\/wp\/v2\/posts\/71626","targetHints":{"allow":["GET"]}}],"collection":[{"href":"https:\/\/corrientesdetarde.com\/index.php\/wp-json\/wp\/v2\/posts"}],"about":[{"href":"https:\/\/corrientesdetarde.com\/index.php\/wp-json\/wp\/v2\/types\/post"}],"author":[{"embeddable":true,"href":"https:\/\/corrientesdetarde.com\/index.php\/wp-json\/wp\/v2\/users\/4"}],"replies":[{"embeddable":true,"href":"https:\/\/corrientesdetarde.com\/index.php\/wp-json\/wp\/v2\/comments?post=71626"}],"version-history":[{"count":1,"href":"https:\/\/corrientesdetarde.com\/index.php\/wp-json\/wp\/v2\/posts\/71626\/revisions"}],"predecessor-version":[{"id":71631,"href":"https:\/\/corrientesdetarde.com\/index.php\/wp-json\/wp\/v2\/posts\/71626\/revisions\/71631"}],"wp:featuredmedia":[{"embeddable":true,"href":"https:\/\/corrientesdetarde.com\/index.php\/wp-json\/wp\/v2\/media\/71630"}],"wp:attachment":[{"href":"https:\/\/corrientesdetarde.com\/index.php\/wp-json\/wp\/v2\/media?parent=71626"}],"wp:term":[{"taxonomy":"category","embeddable":true,"href":"https:\/\/corrientesdetarde.com\/index.php\/wp-json\/wp\/v2\/categories?post=71626"},{"taxonomy":"post_tag","embeddable":true,"href":"https:\/\/corrientesdetarde.com\/index.php\/wp-json\/wp\/v2\/tags?post=71626"}],"curies":[{"name":"wp","href":"https:\/\/api.w.org\/{rel}","templated":true}]}}