{"id":71810,"date":"2023-07-05T15:53:39","date_gmt":"2023-07-05T18:53:39","guid":{"rendered":"https:\/\/corrientesdetarde.com\/?p=71810"},"modified":"2023-07-05T15:53:43","modified_gmt":"2023-07-05T18:53:43","slug":"ajustan-prioridades-correntinas-en-proyecto-estrategia-logistica-del-transporte-para-norte-grande","status":"publish","type":"post","link":"https:\/\/corrientesdetarde.com\/index.php\/sociales\/ajustan-prioridades-correntinas-en-proyecto-estrategia-logistica-del-transporte-para-norte-grande\/","title":{"rendered":"Ajustan prioridades correntinas en proyecto Estrategia Log\u00edstica del Transporte para Norte Grande"},"content":{"rendered":"\n<p>Se concret\u00f3 hoy una nueva reuni\u00f3n entre autoridades provinciales, encabezadas por el ministro de Obras y Servicios P\u00fablicos, Claudio Polich&nbsp;y miembros del equipo t\u00e9cnico del Consejo Federal de Inversiones (CFI)&nbsp;en donde se avanz\u00f3 en el proyecto de Estrategia Log\u00edstica del Transporte para la Regi\u00f3n Norte Grande, cuesti\u00f3n que es impulsada por los 10 gobernadores que integran esta regi\u00f3n del pa\u00eds.<\/p>\n\n\n\n<p>La reuni\u00f3n de trabajo, de alto contenido t\u00e9cnico, tuvo lugar en la sala de Situaci\u00f3n del MOSP. De la misma, participaron, adem\u00e1s el subsecretario de Obras P\u00fablicas, Antonio Portel,&nbsp;el secretario Ejecutivo del MOSP, Jorge Suaid,&nbsp;el jefe del departamento de Ingenier\u00eda Vial de Vialidad Provincial, Eduardo Alarico Escobar, el&nbsp;jefe Operaciones de la Direcci\u00f3n Aeroportuaria Provincial, Sergio Sonvico, y Miguel Ben\u00edtez, coordinador del MOSP.<\/p>\n\n\n\n<p>La comitiva del&nbsp;CFI, en tanto, estuvo integrada por Santiago Pochat, coordinador de Transporte y Log\u00edstica de ese organismo&nbsp;y miembros de su equipo t\u00e9cnico.<\/p>\n\n\n\n<p>En la ocasi\u00f3n se plante\u00f3 diferentes requerimientos prioritarios para la Provincia, que deben integrarse al master plan en elaboraci\u00f3n, dando prioridad a las diferentes obras que resultan imprescindibles para su desarrollo.<\/p>\n\n\n\n<p>En este sentido, se fij\u00f3 como obras prioritarias, entre otras, el Aeropuerto de Paso de los Libres, la construcci\u00f3n de la autov\u00eda Paso de los Libres- Posadas, la Autov\u00eda Corrientes Capital \u2013Saladas; los segundos puentes Chaco -Corrientes y Paso de los Libres&nbsp;&#8211; Uruguayana, los puentes Monte Caseros- Bella Uni\u00f3n y Alvear-Itaqu\u00ed y Goya -Reconquista.<\/p>\n\n\n\n<p>Asimismo, se se\u00f1al\u00f3 prioritaria la construcci\u00f3n de una nueva l\u00ednea f\u00e9rrea entre la localidad de Gobernador Virasoro y el puerto de Ituzaing\u00f3, expresando tambi\u00e9n inter\u00e9s en la construcci\u00f3n de los puertos de It\u00e1 Ibat\u00e9, Nuevo Puerto de Corrientes y Puerto Lavalle.<\/p>\n\n\n\n<p>Estas iniciativas, junto a las de las otras provincias del Norte Grande, integrar\u00e1n un proyecto de Ley a elevar a las pr\u00f3ximas autoridades nacionales, una vez que estas asuman.<\/p>\n\n\n\n<figure class=\"wp-block-image size-large\"><img loading=\"lazy\" decoding=\"async\" width=\"1024\" height=\"683\" src=\"https:\/\/corrientesdetarde.com\/wp-content\/uploads\/2023\/07\/image-132-1024x683.png\" alt=\"\" class=\"wp-image-71811\" srcset=\"https:\/\/corrientesdetarde.com\/wp-content\/uploads\/2023\/07\/image-132-1024x683.png 1024w, https:\/\/corrientesdetarde.com\/wp-content\/uploads\/2023\/07\/image-132-300x200.png 300w, https:\/\/corrientesdetarde.com\/wp-content\/uploads\/2023\/07\/image-132-768x512.png 768w, https:\/\/corrientesdetarde.com\/wp-content\/uploads\/2023\/07\/image-132-1536x1024.png 1536w, https:\/\/corrientesdetarde.com\/wp-content\/uploads\/2023\/07\/image-132.png 2048w\" sizes=\"auto, (max-width: 1024px) 100vw, 1024px\" \/><\/figure>\n\n\n\n<figure class=\"wp-block-image size-large\"><img loading=\"lazy\" decoding=\"async\" width=\"1024\" height=\"683\" src=\"https:\/\/corrientesdetarde.com\/wp-content\/uploads\/2023\/07\/image-133-1024x683.png\" alt=\"\" class=\"wp-image-71812\" srcset=\"https:\/\/corrientesdetarde.com\/wp-content\/uploads\/2023\/07\/image-133-1024x683.png 1024w, https:\/\/corrientesdetarde.com\/wp-content\/uploads\/2023\/07\/image-133-300x200.png 300w, https:\/\/corrientesdetarde.com\/wp-content\/uploads\/2023\/07\/image-133-768x512.png 768w, https:\/\/corrientesdetarde.com\/wp-content\/uploads\/2023\/07\/image-133-1536x1024.png 1536w, https:\/\/corrientesdetarde.com\/wp-content\/uploads\/2023\/07\/image-133.png 2048w\" sizes=\"auto, (max-width: 1024px) 100vw, 1024px\" \/><\/figure>\n\n\n\n<figure class=\"wp-block-image size-large\"><img loading=\"lazy\" decoding=\"async\" width=\"1024\" height=\"684\" src=\"https:\/\/corrientesdetarde.com\/wp-content\/uploads\/2023\/07\/image-134-1024x684.png\" alt=\"\" class=\"wp-image-71813\" srcset=\"https:\/\/corrientesdetarde.com\/wp-content\/uploads\/2023\/07\/image-134-1024x684.png 1024w, https:\/\/corrientesdetarde.com\/wp-content\/uploads\/2023\/07\/image-134-300x201.png 300w, https:\/\/corrientesdetarde.com\/wp-content\/uploads\/2023\/07\/image-134-768x513.png 768w, https:\/\/corrientesdetarde.com\/wp-content\/uploads\/2023\/07\/image-134-1536x1027.png 1536w, https:\/\/corrientesdetarde.com\/wp-content\/uploads\/2023\/07\/image-134-2048x1369.png 2048w\" sizes=\"auto, (max-width: 1024px) 100vw, 1024px\" \/><\/figure>\n\n\n\n<figure class=\"wp-block-image size-large\"><img loading=\"lazy\" decoding=\"async\" width=\"1024\" height=\"684\" src=\"https:\/\/corrientesdetarde.com\/wp-content\/uploads\/2023\/07\/image-135-1024x684.png\" alt=\"\" class=\"wp-image-71814\" srcset=\"https:\/\/corrientesdetarde.com\/wp-content\/uploads\/2023\/07\/image-135-1024x684.png 1024w, https:\/\/corrientesdetarde.com\/wp-content\/uploads\/2023\/07\/image-135-300x201.png 300w, https:\/\/corrientesdetarde.com\/wp-content\/uploads\/2023\/07\/image-135-768x513.png 768w, https:\/\/corrientesdetarde.com\/wp-content\/uploads\/2023\/07\/image-135-1536x1027.png 1536w, https:\/\/corrientesdetarde.com\/wp-content\/uploads\/2023\/07\/image-135-2048x1369.png 2048w\" sizes=\"auto, (max-width: 1024px) 100vw, 1024px\" \/><\/figure>\n\n\n\n<figure class=\"wp-block-image size-large\"><img loading=\"lazy\" decoding=\"async\" width=\"1024\" height=\"684\" src=\"https:\/\/corrientesdetarde.com\/wp-content\/uploads\/2023\/07\/image-137-1024x684.png\" alt=\"\" class=\"wp-image-71816\" srcset=\"https:\/\/corrientesdetarde.com\/wp-content\/uploads\/2023\/07\/image-137-1024x684.png 1024w, https:\/\/corrientesdetarde.com\/wp-content\/uploads\/2023\/07\/image-137-300x201.png 300w, https:\/\/corrientesdetarde.com\/wp-content\/uploads\/2023\/07\/image-137-768x513.png 768w, https:\/\/corrientesdetarde.com\/wp-content\/uploads\/2023\/07\/image-137-1536x1027.png 1536w, https:\/\/corrientesdetarde.com\/wp-content\/uploads\/2023\/07\/image-137-2048x1369.png 2048w\" sizes=\"auto, (max-width: 1024px) 100vw, 1024px\" \/><\/figure>\n\n\n\n<figure class=\"wp-block-image size-large\"><img loading=\"lazy\" decoding=\"async\" width=\"1024\" height=\"683\" src=\"https:\/\/corrientesdetarde.com\/wp-content\/uploads\/2023\/07\/image-136-1024x683.png\" alt=\"\" class=\"wp-image-71815\" srcset=\"https:\/\/corrientesdetarde.com\/wp-content\/uploads\/2023\/07\/image-136-1024x683.png 1024w, https:\/\/corrientesdetarde.com\/wp-content\/uploads\/2023\/07\/image-136-300x200.png 300w, https:\/\/corrientesdetarde.com\/wp-content\/uploads\/2023\/07\/image-136-768x512.png 768w, https:\/\/corrientesdetarde.com\/wp-content\/uploads\/2023\/07\/image-136-1536x1024.png 1536w, https:\/\/corrientesdetarde.com\/wp-content\/uploads\/2023\/07\/image-136.png 2048w\" sizes=\"auto, (max-width: 1024px) 100vw, 1024px\" \/><\/figure>\n\n\n\n<figure class=\"wp-block-image size-large\"><img loading=\"lazy\" decoding=\"async\" width=\"1024\" height=\"683\" src=\"https:\/\/corrientesdetarde.com\/wp-content\/uploads\/2023\/07\/image-138-1024x683.png\" alt=\"\" class=\"wp-image-71817\" srcset=\"https:\/\/corrientesdetarde.com\/wp-content\/uploads\/2023\/07\/image-138-1024x683.png 1024w, https:\/\/corrientesdetarde.com\/wp-content\/uploads\/2023\/07\/image-138-300x200.png 300w, https:\/\/corrientesdetarde.com\/wp-content\/uploads\/2023\/07\/image-138-768x512.png 768w, https:\/\/corrientesdetarde.com\/wp-content\/uploads\/2023\/07\/image-138-1536x1024.png 1536w, https:\/\/corrientesdetarde.com\/wp-content\/uploads\/2023\/07\/image-138.png 2048w\" sizes=\"auto, (max-width: 1024px) 100vw, 1024px\" \/><\/figure>\n","protected":false},"excerpt":{"rendered":"<p>Se concret\u00f3 hoy una nueva reuni\u00f3n entre autoridades provinciales, encabezadas por el ministro de Obras y Servicios P\u00fablicos, Claudio Polich&nbsp;y miembros del equipo t\u00e9cnico del Consejo Federal de Inversiones (CFI)&nbsp;en&hellip; <\/p>\n","protected":false},"author":8,"featured_media":71817,"comment_status":"closed","ping_status":"open","sticky":false,"template":"","format":"standard","meta":{"footnotes":""},"categories":[17],"tags":[],"class_list":["post-71810","post","type-post","status-publish","format-standard","has-post-thumbnail","hentry","category-sociales"],"_links":{"self":[{"href":"https:\/\/corrientesdetarde.com\/index.php\/wp-json\/wp\/v2\/posts\/71810","targetHints":{"allow":["GET"]}}],"collection":[{"href":"https:\/\/corrientesdetarde.com\/index.php\/wp-json\/wp\/v2\/posts"}],"about":[{"href":"https:\/\/corrientesdetarde.com\/index.php\/wp-json\/wp\/v2\/types\/post"}],"author":[{"embeddable":true,"href":"https:\/\/corrientesdetarde.com\/index.php\/wp-json\/wp\/v2\/users\/8"}],"replies":[{"embeddable":true,"href":"https:\/\/corrientesdetarde.com\/index.php\/wp-json\/wp\/v2\/comments?post=71810"}],"version-history":[{"count":1,"href":"https:\/\/corrientesdetarde.com\/index.php\/wp-json\/wp\/v2\/posts\/71810\/revisions"}],"predecessor-version":[{"id":71818,"href":"https:\/\/corrientesdetarde.com\/index.php\/wp-json\/wp\/v2\/posts\/71810\/revisions\/71818"}],"wp:featuredmedia":[{"embeddable":true,"href":"https:\/\/corrientesdetarde.com\/index.php\/wp-json\/wp\/v2\/media\/71817"}],"wp:attachment":[{"href":"https:\/\/corrientesdetarde.com\/index.php\/wp-json\/wp\/v2\/media?parent=71810"}],"wp:term":[{"taxonomy":"category","embeddable":true,"href":"https:\/\/corrientesdetarde.com\/index.php\/wp-json\/wp\/v2\/categories?post=71810"},{"taxonomy":"post_tag","embeddable":true,"href":"https:\/\/corrientesdetarde.com\/index.php\/wp-json\/wp\/v2\/tags?post=71810"}],"curies":[{"name":"wp","href":"https:\/\/api.w.org\/{rel}","templated":true}]}}