{"id":71848,"date":"2023-07-05T20:34:31","date_gmt":"2023-07-05T23:34:31","guid":{"rendered":"https:\/\/corrientesdetarde.com\/?p=71848"},"modified":"2023-07-05T20:34:37","modified_gmt":"2023-07-05T23:34:37","slug":"cronograma-de-venta-de-la-garrafa-social","status":"publish","type":"post","link":"https:\/\/corrientesdetarde.com\/index.php\/sociales\/cronograma-de-venta-de-la-garrafa-social\/","title":{"rendered":"Cronograma de venta de la garrafa social"},"content":{"rendered":"\n<p>El Ministerio Desarrollo Social de la Provincia, informa el cronograma de venta de la Garrafa Social de esta semana; jueves 6 de julio y viernes 7 de julio&nbsp;en los barrios Santa Catalina y&nbsp;Galv\u00e1n.<\/p>\n\n\n\n<p>La actividad es realizada por la Subsecretar\u00eda de Desarrollo Humano e Igualdad a cargo de la Lic. Gabriela Castro dependiente del Ministerio.<\/p>\n\n\n\n<p><strong><u>CRONOGRAMA GARRAFA SOCIAL<\/u><\/strong><\/p>\n\n\n\n<p>La garrafa de 10 kg es comercializada a $ 2000<\/p>\n\n\n\n<p>El Jueves 6 de julio de 10 a 11 hs se vender\u00e1 en el Barrio Santa Catalina en las 350 Viviendas en la Manzana 14, Casa 1.<\/p>\n\n\n\n<p>El viernes 7 de julio desde las 9:30 hasta las 11 hs se comercializar\u00e1n en el Barrio Galv\u00e1n en D\u00edaz de Vivar entre R\u00edo Iguaz\u00fa y Gobernador de la Vega.<\/p>\n","protected":false},"excerpt":{"rendered":"<p>El Ministerio Desarrollo Social de la Provincia, informa el cronograma de venta de la Garrafa Social de esta semana; jueves 6 de julio y viernes 7 de julio&nbsp;en los barrios&hellip; <\/p>\n","protected":false},"author":1,"featured_media":71865,"comment_status":"closed","ping_status":"open","sticky":false,"template":"","format":"standard","meta":{"footnotes":""},"categories":[17],"tags":[],"class_list":["post-71848","post","type-post","status-publish","format-standard","has-post-thumbnail","hentry","category-sociales"],"_links":{"self":[{"href":"https:\/\/corrientesdetarde.com\/index.php\/wp-json\/wp\/v2\/posts\/71848","targetHints":{"allow":["GET"]}}],"collection":[{"href":"https:\/\/corrientesdetarde.com\/index.php\/wp-json\/wp\/v2\/posts"}],"about":[{"href":"https:\/\/corrientesdetarde.com\/index.php\/wp-json\/wp\/v2\/types\/post"}],"author":[{"embeddable":true,"href":"https:\/\/corrientesdetarde.com\/index.php\/wp-json\/wp\/v2\/users\/1"}],"replies":[{"embeddable":true,"href":"https:\/\/corrientesdetarde.com\/index.php\/wp-json\/wp\/v2\/comments?post=71848"}],"version-history":[{"count":2,"href":"https:\/\/corrientesdetarde.com\/index.php\/wp-json\/wp\/v2\/posts\/71848\/revisions"}],"predecessor-version":[{"id":71867,"href":"https:\/\/corrientesdetarde.com\/index.php\/wp-json\/wp\/v2\/posts\/71848\/revisions\/71867"}],"wp:featuredmedia":[{"embeddable":true,"href":"https:\/\/corrientesdetarde.com\/index.php\/wp-json\/wp\/v2\/media\/71865"}],"wp:attachment":[{"href":"https:\/\/corrientesdetarde.com\/index.php\/wp-json\/wp\/v2\/media?parent=71848"}],"wp:term":[{"taxonomy":"category","embeddable":true,"href":"https:\/\/corrientesdetarde.com\/index.php\/wp-json\/wp\/v2\/categories?post=71848"},{"taxonomy":"post_tag","embeddable":true,"href":"https:\/\/corrientesdetarde.com\/index.php\/wp-json\/wp\/v2\/tags?post=71848"}],"curies":[{"name":"wp","href":"https:\/\/api.w.org\/{rel}","templated":true}]}}