{"id":71849,"date":"2023-07-05T20:33:48","date_gmt":"2023-07-05T23:33:48","guid":{"rendered":"https:\/\/corrientesdetarde.com\/?p=71849"},"modified":"2023-07-05T20:33:53","modified_gmt":"2023-07-05T23:33:53","slug":"el-gobernador-valdes-expreso-su-apoyo-a-la-precandidatura-de-carolina-losada","status":"publish","type":"post","link":"https:\/\/corrientesdetarde.com\/index.php\/politica\/el-gobernador-valdes-expreso-su-apoyo-a-la-precandidatura-de-carolina-losada\/","title":{"rendered":"El gobernador Vald\u00e9s expres\u00f3 su apoyo a la precandidatura de Carolina Losada"},"content":{"rendered":"\n<p><\/p>\n\n\n\n<p>El gobernador de Corrientes, Gustavo Vald\u00e9s acompa\u00f1\u00f3 este martes a la senadora nacional, Carolina Losada, manifestando su apoyo como precandidata a gobernadora de Santa Fe por Juntos por el Cambio. En la jornada, tras recorrer el Parque Industrial de Avellaneda, durante una conferencia de prensa realizada en la ciudad de Villa Ocampo, el mandatario correntino destac\u00f3 su honestidad y liderazgo.\u00a0<\/p>\n\n\n\n<p>En la ocasi\u00f3n, Vald\u00e9s afirm\u00f3 que Losada es una \u201cmujer transparente, honesta y decidida a cambiar Santa Fe, trabajando en sus ejes para reforzar la seguridad, apostar por un estado moderno, impulsar el desarrollo productivo e integrar esta regi\u00f3n al Consejo Regional del Norte Grande\u201d.<\/p>\n\n\n\n<p>\u201cAdem\u00e1s, vamos a conectar a Corrientes con esta zona de la provincia, porque tenemos una visi\u00f3n de futuro en com\u00fan, por primera vez y despu\u00e9s de mucho tiempo\u201d, agreg\u00f3, convencido de que, \u201ccon su liderazgo, vamos a cambiar Santa Fe. Que gane el sentido com\u00fan.\u201d<\/p>\n\n\n\n<figure class=\"wp-block-image size-large\"><img loading=\"lazy\" decoding=\"async\" width=\"1024\" height=\"745\" src=\"https:\/\/corrientesdetarde.com\/wp-content\/uploads\/2023\/07\/image-150-1024x745.png\" alt=\"\" class=\"wp-image-71861\" srcset=\"https:\/\/corrientesdetarde.com\/wp-content\/uploads\/2023\/07\/image-150-1024x745.png 1024w, https:\/\/corrientesdetarde.com\/wp-content\/uploads\/2023\/07\/image-150-300x218.png 300w, https:\/\/corrientesdetarde.com\/wp-content\/uploads\/2023\/07\/image-150-768x559.png 768w, https:\/\/corrientesdetarde.com\/wp-content\/uploads\/2023\/07\/image-150-1536x1118.png 1536w, https:\/\/corrientesdetarde.com\/wp-content\/uploads\/2023\/07\/image-150-2048x1490.png 2048w\" sizes=\"auto, (max-width: 1024px) 100vw, 1024px\" \/><\/figure>\n\n\n\n<p>En la ocasi\u00f3n, tambi\u00e9n estuvo el senador nacional Dionisio Scarpin, precandidato a diputado provincial de Santa Fe; como as\u00ed tambi\u00e9n el precandidato a intendente de Villa Ocampo, Cristian Marega y otros integrantes de la lista \u201cEs con vos\u201d, que competir\u00e1 en las PASO del pr\u00f3ximo 13 de agosto dentro de la alianza Juntos por el Cambio.<\/p>\n\n\n\n<p>Cabe se\u00f1alar que previo a esta conferencia de prensa, Vald\u00e9s acompa\u00f1\u00f3 a Losada y Scarp\u00edn en una visita al Parque Industrial de Avellaneda, localidad distante a 80 kil\u00f3metros de Villa Ocampo. All\u00ed, dialogaron con productores locales y con el presidente del Consejo Regional Econ\u00f3mico del Norte Santafesino (CORENOSA), Alberto Buyatti.<\/p>\n\n\n\n<figure class=\"wp-block-image size-large\"><img loading=\"lazy\" decoding=\"async\" width=\"1024\" height=\"683\" src=\"https:\/\/corrientesdetarde.com\/wp-content\/uploads\/2023\/07\/image-151-1024x683.png\" alt=\"\" class=\"wp-image-71862\" srcset=\"https:\/\/corrientesdetarde.com\/wp-content\/uploads\/2023\/07\/image-151-1024x683.png 1024w, https:\/\/corrientesdetarde.com\/wp-content\/uploads\/2023\/07\/image-151-300x200.png 300w, https:\/\/corrientesdetarde.com\/wp-content\/uploads\/2023\/07\/image-151-768x512.png 768w, https:\/\/corrientesdetarde.com\/wp-content\/uploads\/2023\/07\/image-151-1536x1024.png 1536w, https:\/\/corrientesdetarde.com\/wp-content\/uploads\/2023\/07\/image-151-2048x1365.png 2048w\" sizes=\"auto, (max-width: 1024px) 100vw, 1024px\" \/><\/figure>\n","protected":false},"excerpt":{"rendered":"<p>El gobernador de Corrientes, Gustavo Vald\u00e9s acompa\u00f1\u00f3 este martes a la senadora nacional, Carolina Losada, manifestando su apoyo como precandidata a gobernadora de Santa Fe por Juntos por el Cambio.&hellip; <\/p>\n","protected":false},"author":1,"featured_media":71863,"comment_status":"closed","ping_status":"open","sticky":false,"template":"","format":"standard","meta":{"footnotes":""},"categories":[3],"tags":[],"class_list":["post-71849","post","type-post","status-publish","format-standard","has-post-thumbnail","hentry","category-politica"],"_links":{"self":[{"href":"https:\/\/corrientesdetarde.com\/index.php\/wp-json\/wp\/v2\/posts\/71849","targetHints":{"allow":["GET"]}}],"collection":[{"href":"https:\/\/corrientesdetarde.com\/index.php\/wp-json\/wp\/v2\/posts"}],"about":[{"href":"https:\/\/corrientesdetarde.com\/index.php\/wp-json\/wp\/v2\/types\/post"}],"author":[{"embeddable":true,"href":"https:\/\/corrientesdetarde.com\/index.php\/wp-json\/wp\/v2\/users\/1"}],"replies":[{"embeddable":true,"href":"https:\/\/corrientesdetarde.com\/index.php\/wp-json\/wp\/v2\/comments?post=71849"}],"version-history":[{"count":1,"href":"https:\/\/corrientesdetarde.com\/index.php\/wp-json\/wp\/v2\/posts\/71849\/revisions"}],"predecessor-version":[{"id":71864,"href":"https:\/\/corrientesdetarde.com\/index.php\/wp-json\/wp\/v2\/posts\/71849\/revisions\/71864"}],"wp:featuredmedia":[{"embeddable":true,"href":"https:\/\/corrientesdetarde.com\/index.php\/wp-json\/wp\/v2\/media\/71863"}],"wp:attachment":[{"href":"https:\/\/corrientesdetarde.com\/index.php\/wp-json\/wp\/v2\/media?parent=71849"}],"wp:term":[{"taxonomy":"category","embeddable":true,"href":"https:\/\/corrientesdetarde.com\/index.php\/wp-json\/wp\/v2\/categories?post=71849"},{"taxonomy":"post_tag","embeddable":true,"href":"https:\/\/corrientesdetarde.com\/index.php\/wp-json\/wp\/v2\/tags?post=71849"}],"curies":[{"name":"wp","href":"https:\/\/api.w.org\/{rel}","templated":true}]}}