{"id":71850,"date":"2023-07-05T20:31:44","date_gmt":"2023-07-05T23:31:44","guid":{"rendered":"https:\/\/corrientesdetarde.com\/?p=71850"},"modified":"2023-07-05T20:32:18","modified_gmt":"2023-07-05T23:32:18","slug":"valdes-acompano-en-santa-fe-a-los-senadores-losada-y-scarpin-en-un-encuentro-con-productores-locales","status":"publish","type":"post","link":"https:\/\/corrientesdetarde.com\/index.php\/sociales\/valdes-acompano-en-santa-fe-a-los-senadores-losada-y-scarpin-en-un-encuentro-con-productores-locales\/","title":{"rendered":"Vald\u00e9s acompa\u00f1\u00f3 en Santa F\u00e9, a los senadores Losada y Scarpin, en un encuentro con productores locales"},"content":{"rendered":"\n<figure class=\"wp-block-image size-large\"><img loading=\"lazy\" decoding=\"async\" width=\"1024\" height=\"738\" src=\"https:\/\/corrientesdetarde.com\/wp-content\/uploads\/2023\/07\/image-148-1024x738.png\" alt=\"\" class=\"wp-image-71855\" srcset=\"https:\/\/corrientesdetarde.com\/wp-content\/uploads\/2023\/07\/image-148-1024x738.png 1024w, https:\/\/corrientesdetarde.com\/wp-content\/uploads\/2023\/07\/image-148-300x216.png 300w, https:\/\/corrientesdetarde.com\/wp-content\/uploads\/2023\/07\/image-148-768x553.png 768w, https:\/\/corrientesdetarde.com\/wp-content\/uploads\/2023\/07\/image-148-1536x1107.png 1536w, https:\/\/corrientesdetarde.com\/wp-content\/uploads\/2023\/07\/image-148-2048x1476.png 2048w\" sizes=\"auto, (max-width: 1024px) 100vw, 1024px\" \/><\/figure>\n\n\n\n<p>El gobernador Gustavo Vald\u00e9s, de visita en la provincia de Santa F\u00e9, junto a los senadores nacionales por ese distrito, Carolina Losada y Dionisio Scarpin, se reuni\u00f3 este mi\u00e9rcoles con productores locales. El encuentro tuvo lugar en el Parque Industrial de Avellaneda, donde estos \u00faltimos presentaron propuestas de desarrollo de los bajos submeridionales, para recuperar miles de hect\u00e1reas y destinarlas a la producci\u00f3n, que permitir\u00e1 dar un salto cualitativo a la capacidad productiva y mejorar la calidad de vida de los habitantes.<\/p>\n\n\n\n<p>Adem\u00e1s, el primer Mandatario aprovech\u00f3 la oportunidad para dialogar con el presidente del Consejo Regional Econ\u00f3mico del Norte Santafecino (CORENOSA), Alberto Buyatti, que, a su vez, acerc\u00f3 un proyecto de desarrollo dise\u00f1ado junto a los centros industriales, comerciales, sociedades rurales y c\u00e1maras empresarias de los seis departamentos del norte provincial.<\/p>\n\n\n\n<figure class=\"wp-block-image size-large\"><img loading=\"lazy\" decoding=\"async\" width=\"1024\" height=\"683\" src=\"https:\/\/corrientesdetarde.com\/wp-content\/uploads\/2023\/07\/image-149-1024x683.png\" alt=\"\" class=\"wp-image-71857\" srcset=\"https:\/\/corrientesdetarde.com\/wp-content\/uploads\/2023\/07\/image-149-1024x683.png 1024w, https:\/\/corrientesdetarde.com\/wp-content\/uploads\/2023\/07\/image-149-300x200.png 300w, https:\/\/corrientesdetarde.com\/wp-content\/uploads\/2023\/07\/image-149-768x512.png 768w, https:\/\/corrientesdetarde.com\/wp-content\/uploads\/2023\/07\/image-149-1536x1024.png 1536w, https:\/\/corrientesdetarde.com\/wp-content\/uploads\/2023\/07\/image-149-2048x1365.png 2048w\" sizes=\"auto, (max-width: 1024px) 100vw, 1024px\" \/><\/figure>\n","protected":false},"excerpt":{"rendered":"<p>El gobernador Gustavo Vald\u00e9s, de visita en la provincia de Santa F\u00e9, junto a los senadores nacionales por ese distrito, Carolina Losada y Dionisio Scarpin, se reuni\u00f3 este mi\u00e9rcoles con&hellip; <\/p>\n","protected":false},"author":1,"featured_media":71856,"comment_status":"closed","ping_status":"open","sticky":false,"template":"","format":"standard","meta":{"footnotes":""},"categories":[17],"tags":[],"class_list":["post-71850","post","type-post","status-publish","format-standard","has-post-thumbnail","hentry","category-sociales"],"_links":{"self":[{"href":"https:\/\/corrientesdetarde.com\/index.php\/wp-json\/wp\/v2\/posts\/71850","targetHints":{"allow":["GET"]}}],"collection":[{"href":"https:\/\/corrientesdetarde.com\/index.php\/wp-json\/wp\/v2\/posts"}],"about":[{"href":"https:\/\/corrientesdetarde.com\/index.php\/wp-json\/wp\/v2\/types\/post"}],"author":[{"embeddable":true,"href":"https:\/\/corrientesdetarde.com\/index.php\/wp-json\/wp\/v2\/users\/1"}],"replies":[{"embeddable":true,"href":"https:\/\/corrientesdetarde.com\/index.php\/wp-json\/wp\/v2\/comments?post=71850"}],"version-history":[{"count":2,"href":"https:\/\/corrientesdetarde.com\/index.php\/wp-json\/wp\/v2\/posts\/71850\/revisions"}],"predecessor-version":[{"id":71860,"href":"https:\/\/corrientesdetarde.com\/index.php\/wp-json\/wp\/v2\/posts\/71850\/revisions\/71860"}],"wp:featuredmedia":[{"embeddable":true,"href":"https:\/\/corrientesdetarde.com\/index.php\/wp-json\/wp\/v2\/media\/71856"}],"wp:attachment":[{"href":"https:\/\/corrientesdetarde.com\/index.php\/wp-json\/wp\/v2\/media?parent=71850"}],"wp:term":[{"taxonomy":"category","embeddable":true,"href":"https:\/\/corrientesdetarde.com\/index.php\/wp-json\/wp\/v2\/categories?post=71850"},{"taxonomy":"post_tag","embeddable":true,"href":"https:\/\/corrientesdetarde.com\/index.php\/wp-json\/wp\/v2\/tags?post=71850"}],"curies":[{"name":"wp","href":"https:\/\/api.w.org\/{rel}","templated":true}]}}