{"id":71851,"date":"2023-07-05T20:26:04","date_gmt":"2023-07-05T23:26:04","guid":{"rendered":"https:\/\/corrientesdetarde.com\/?p=71851"},"modified":"2023-07-05T20:26:15","modified_gmt":"2023-07-05T23:26:15","slug":"uta-ratifico-paro-de-colectivos-para-este-viernes","status":"publish","type":"post","link":"https:\/\/corrientesdetarde.com\/index.php\/locales\/uta-ratifico-paro-de-colectivos-para-este-viernes\/","title":{"rendered":"UTA ratific\u00f3 paro de colectivos para este viernes"},"content":{"rendered":"\n<p>La nota, enviada a la DNRRT del Ministerio de Trabajo de la Naci\u00f3n, precisa los incumplidos env\u00edos de fondos, y a\u00fan m\u00e1s: se asevera que ni siquiera hubo convocatoria para definir la distribuci\u00f3n de los montos.<\/p>\n\n\n\n<p>&#8220;El Ministerio de Transporte de la Naci\u00f3n expres\u00f3 que se compromete, en funci\u00f3n de las peticiones realizadas por FATAP y UTA, a aportar, en forma adicional al aporte mensual que viene realizando, de 7 mil millones de pesos, una suma de 2 mil millones de pesos para cada uno de los meses de Julio, aposto y septiembre del corriente a\u00f1o. AI d\u00eda de hoy, no se ha emitido resoluci\u00f3n alguna que distribuya dichas suma&#8221;, precisa la misiva.<\/p>\n\n\n\n<p>El texto completo, en el documento adjunto:<br><\/p>\n\n\n\n<div data-wp-interactive=\"core\/file\" class=\"wp-block-file\"><object data-wp-bind--hidden=\"!state.hasPdfPreview\" hidden class=\"wp-block-file__embed\" data=\"https:\/\/corrientesdetarde.com\/wp-content\/uploads\/2023\/07\/document_download_1306635_.pdf\" type=\"application\/pdf\" style=\"width:100%;height:600px\" aria-label=\"Incrustado de Incrustado de document_download_1306635_..\"><\/object><a id=\"wp-block-file--media-0bf9ab9c-d04e-467d-9478-e9df1fbb8988\" href=\"https:\/\/corrientesdetarde.com\/wp-content\/uploads\/2023\/07\/document_download_1306635_.pdf\">document_download_1306635_<\/a><a href=\"https:\/\/corrientesdetarde.com\/wp-content\/uploads\/2023\/07\/document_download_1306635_.pdf\" class=\"wp-block-file__button\" download aria-describedby=\"wp-block-file--media-0bf9ab9c-d04e-467d-9478-e9df1fbb8988\">Descarga<\/a><\/div>\n\n\n","protected":false},"excerpt":{"rendered":"<p>La nota, enviada a la DNRRT del Ministerio de Trabajo de la Naci\u00f3n, precisa los incumplidos env\u00edos de fondos, y a\u00fan m\u00e1s: se asevera que ni siquiera hubo convocatoria para&hellip; <\/p>\n","protected":false},"author":1,"featured_media":71853,"comment_status":"closed","ping_status":"open","sticky":false,"template":"","format":"standard","meta":{"footnotes":""},"categories":[8],"tags":[],"class_list":["post-71851","post","type-post","status-publish","format-standard","has-post-thumbnail","hentry","category-locales"],"_links":{"self":[{"href":"https:\/\/corrientesdetarde.com\/index.php\/wp-json\/wp\/v2\/posts\/71851","targetHints":{"allow":["GET"]}}],"collection":[{"href":"https:\/\/corrientesdetarde.com\/index.php\/wp-json\/wp\/v2\/posts"}],"about":[{"href":"https:\/\/corrientesdetarde.com\/index.php\/wp-json\/wp\/v2\/types\/post"}],"author":[{"embeddable":true,"href":"https:\/\/corrientesdetarde.com\/index.php\/wp-json\/wp\/v2\/users\/1"}],"replies":[{"embeddable":true,"href":"https:\/\/corrientesdetarde.com\/index.php\/wp-json\/wp\/v2\/comments?post=71851"}],"version-history":[{"count":1,"href":"https:\/\/corrientesdetarde.com\/index.php\/wp-json\/wp\/v2\/posts\/71851\/revisions"}],"predecessor-version":[{"id":71854,"href":"https:\/\/corrientesdetarde.com\/index.php\/wp-json\/wp\/v2\/posts\/71851\/revisions\/71854"}],"wp:featuredmedia":[{"embeddable":true,"href":"https:\/\/corrientesdetarde.com\/index.php\/wp-json\/wp\/v2\/media\/71853"}],"wp:attachment":[{"href":"https:\/\/corrientesdetarde.com\/index.php\/wp-json\/wp\/v2\/media?parent=71851"}],"wp:term":[{"taxonomy":"category","embeddable":true,"href":"https:\/\/corrientesdetarde.com\/index.php\/wp-json\/wp\/v2\/categories?post=71851"},{"taxonomy":"post_tag","embeddable":true,"href":"https:\/\/corrientesdetarde.com\/index.php\/wp-json\/wp\/v2\/tags?post=71851"}],"curies":[{"name":"wp","href":"https:\/\/api.w.org\/{rel}","templated":true}]}}