{"id":71868,"date":"2023-07-05T21:34:26","date_gmt":"2023-07-06T00:34:26","guid":{"rendered":"https:\/\/corrientesdetarde.com\/?p=71868"},"modified":"2023-07-05T21:34:33","modified_gmt":"2023-07-06T00:34:33","slug":"juegos-correntinos-2023-se-completo-la-etapa-provincial-de-adultos-mayores","status":"publish","type":"post","link":"https:\/\/corrientesdetarde.com\/index.php\/deportes\/juegos-correntinos-2023-se-completo-la-etapa-provincial-de-adultos-mayores\/","title":{"rendered":"\u201cJuegos Correntinos 2023\u201d: Se complet\u00f3 la etapa provincial de Adultos Mayores"},"content":{"rendered":"\n<p><strong>Bajo la organizaci\u00f3n del Gobierno de la Provincia, a trav\u00e9s de la Secretar\u00eda de Deportes, culmin\u00f3 este mi\u00e9rcoles la fase Provincial de los \u201cJuegos Correntinos 2023\u201d para los Adultos Mayores de 60 a\u00f1os.<\/strong><\/p>\n\n\n\n<p>Los clasificados en las disciplinas tejo, sapo, tenis de mesa, newcom, truco, ajedrez, padel y orientaci\u00f3n; representar\u00e1n a la Provincia de Corrientes en los Nacionales para Adultos Mayores del 8 al 12 de septiembre en Termas de R\u00edo Hondo, provincia de Santiago del Estero.<\/p>\n\n\n\n<figure class=\"wp-block-image size-large\"><img loading=\"lazy\" decoding=\"async\" width=\"1024\" height=\"700\" src=\"https:\/\/corrientesdetarde.com\/wp-content\/uploads\/2023\/07\/image-156-1024x700.png\" alt=\"\" class=\"wp-image-71882\" srcset=\"https:\/\/corrientesdetarde.com\/wp-content\/uploads\/2023\/07\/image-156-1024x700.png 1024w, https:\/\/corrientesdetarde.com\/wp-content\/uploads\/2023\/07\/image-156-300x205.png 300w, https:\/\/corrientesdetarde.com\/wp-content\/uploads\/2023\/07\/image-156-768x525.png 768w, https:\/\/corrientesdetarde.com\/wp-content\/uploads\/2023\/07\/image-156-1536x1050.png 1536w, https:\/\/corrientesdetarde.com\/wp-content\/uploads\/2023\/07\/image-156.png 2000w\" sizes=\"auto, (max-width: 1024px) 100vw, 1024px\" \/><\/figure>\n\n\n\n<p>Esta fase provincial inici\u00f3 el martes pasado en el gimnasio Pedro Ferr\u00e9 de la Secretar\u00eda de Deportes, con el recibimiento por parte del titular del \u00e1rea Jorge Terrile y posterior cena.<\/p>\n\n\n\n<figure class=\"wp-block-image size-large\"><img loading=\"lazy\" decoding=\"async\" width=\"1024\" height=\"614\" src=\"https:\/\/corrientesdetarde.com\/wp-content\/uploads\/2023\/07\/image-153-1024x614.png\" alt=\"\" class=\"wp-image-71879\" srcset=\"https:\/\/corrientesdetarde.com\/wp-content\/uploads\/2023\/07\/image-153-1024x614.png 1024w, https:\/\/corrientesdetarde.com\/wp-content\/uploads\/2023\/07\/image-153-300x180.png 300w, https:\/\/corrientesdetarde.com\/wp-content\/uploads\/2023\/07\/image-153-768x461.png 768w, https:\/\/corrientesdetarde.com\/wp-content\/uploads\/2023\/07\/image-153-1536x922.png 1536w, https:\/\/corrientesdetarde.com\/wp-content\/uploads\/2023\/07\/image-153.png 2000w\" sizes=\"auto, (max-width: 1024px) 100vw, 1024px\" \/><\/figure>\n\n\n\n<p>Los distintos encuentros deportivos se disputaron este mi\u00e9rcoles; y desde la organizaci\u00f3n se destac\u00f3 el enorme trabajo log\u00edstico para asegurar el \u00e9xito de la competencia y que todo se desarrolle con absoluta normalidad.&nbsp;<\/p>\n\n\n\n<p>En tal sentido, el Secretario de Deportes, Jorge Terrile, valor\u00f3 el apoyo incondicional del Gobernador Gustavo Vald\u00e9s para la realizaci\u00f3n de los \u201cJuegos Correntinos 2023\u201d tanto en las categor\u00edas juveniles como en lo relativo a la fase de adultos.&nbsp;<\/p>\n\n\n\n<p>\u201cSeguimos potenciando estas competencias gracias a una fuerte inversi\u00f3n del Gobierno de la Provincia y el trabajo de la Secretar\u00eda de Deportes\u201d. \u201cA todos los clasificados al Nacional, les transmito el saludo y las felicitaciones del Se\u00f1or Gobernador Gustavo Vald\u00e9s y los mejores deseos para la instancia Nacional en Santiago del Estero\u201d, resalt\u00f3 Terrile.\u00a0\u00a0<\/p>\n\n\n\n<figure class=\"wp-block-image size-large\"><img loading=\"lazy\" decoding=\"async\" width=\"1024\" height=\"651\" src=\"https:\/\/corrientesdetarde.com\/wp-content\/uploads\/2023\/07\/image-154-1024x651.png\" alt=\"\" class=\"wp-image-71880\" srcset=\"https:\/\/corrientesdetarde.com\/wp-content\/uploads\/2023\/07\/image-154-1024x651.png 1024w, https:\/\/corrientesdetarde.com\/wp-content\/uploads\/2023\/07\/image-154-300x191.png 300w, https:\/\/corrientesdetarde.com\/wp-content\/uploads\/2023\/07\/image-154-768x488.png 768w, https:\/\/corrientesdetarde.com\/wp-content\/uploads\/2023\/07\/image-154-1536x977.png 1536w, https:\/\/corrientesdetarde.com\/wp-content\/uploads\/2023\/07\/image-154.png 2000w\" sizes=\"auto, (max-width: 1024px) 100vw, 1024px\" \/><figcaption><br><\/figcaption><\/figure>\n\n\n\n<figure class=\"wp-block-image size-large\"><img loading=\"lazy\" decoding=\"async\" width=\"1024\" height=\"682\" src=\"https:\/\/corrientesdetarde.com\/wp-content\/uploads\/2023\/07\/image-155-1024x682.png\" alt=\"\" class=\"wp-image-71881\" srcset=\"https:\/\/corrientesdetarde.com\/wp-content\/uploads\/2023\/07\/image-155-1024x682.png 1024w, https:\/\/corrientesdetarde.com\/wp-content\/uploads\/2023\/07\/image-155-300x200.png 300w, https:\/\/corrientesdetarde.com\/wp-content\/uploads\/2023\/07\/image-155-768x511.png 768w, https:\/\/corrientesdetarde.com\/wp-content\/uploads\/2023\/07\/image-155-1536x1023.png 1536w, https:\/\/corrientesdetarde.com\/wp-content\/uploads\/2023\/07\/image-155.png 2000w\" sizes=\"auto, (max-width: 1024px) 100vw, 1024px\" \/><\/figure>\n","protected":false},"excerpt":{"rendered":"<p>Bajo la organizaci\u00f3n del Gobierno de la Provincia, a trav\u00e9s de la Secretar\u00eda de Deportes, culmin\u00f3 este mi\u00e9rcoles la fase Provincial de los \u201cJuegos Correntinos 2023\u201d para los Adultos Mayores&hellip; <\/p>\n","protected":false},"author":1,"featured_media":71883,"comment_status":"closed","ping_status":"open","sticky":false,"template":"","format":"standard","meta":{"footnotes":""},"categories":[4],"tags":[],"class_list":["post-71868","post","type-post","status-publish","format-standard","has-post-thumbnail","hentry","category-deportes"],"_links":{"self":[{"href":"https:\/\/corrientesdetarde.com\/index.php\/wp-json\/wp\/v2\/posts\/71868","targetHints":{"allow":["GET"]}}],"collection":[{"href":"https:\/\/corrientesdetarde.com\/index.php\/wp-json\/wp\/v2\/posts"}],"about":[{"href":"https:\/\/corrientesdetarde.com\/index.php\/wp-json\/wp\/v2\/types\/post"}],"author":[{"embeddable":true,"href":"https:\/\/corrientesdetarde.com\/index.php\/wp-json\/wp\/v2\/users\/1"}],"replies":[{"embeddable":true,"href":"https:\/\/corrientesdetarde.com\/index.php\/wp-json\/wp\/v2\/comments?post=71868"}],"version-history":[{"count":1,"href":"https:\/\/corrientesdetarde.com\/index.php\/wp-json\/wp\/v2\/posts\/71868\/revisions"}],"predecessor-version":[{"id":71884,"href":"https:\/\/corrientesdetarde.com\/index.php\/wp-json\/wp\/v2\/posts\/71868\/revisions\/71884"}],"wp:featuredmedia":[{"embeddable":true,"href":"https:\/\/corrientesdetarde.com\/index.php\/wp-json\/wp\/v2\/media\/71883"}],"wp:attachment":[{"href":"https:\/\/corrientesdetarde.com\/index.php\/wp-json\/wp\/v2\/media?parent=71868"}],"wp:term":[{"taxonomy":"category","embeddable":true,"href":"https:\/\/corrientesdetarde.com\/index.php\/wp-json\/wp\/v2\/categories?post=71868"},{"taxonomy":"post_tag","embeddable":true,"href":"https:\/\/corrientesdetarde.com\/index.php\/wp-json\/wp\/v2\/tags?post=71868"}],"curies":[{"name":"wp","href":"https:\/\/api.w.org\/{rel}","templated":true}]}}