{"id":71870,"date":"2023-07-05T21:09:43","date_gmt":"2023-07-06T00:09:43","guid":{"rendered":"https:\/\/corrientesdetarde.com\/?p=71870"},"modified":"2023-07-05T21:09:49","modified_gmt":"2023-07-06T00:09:49","slug":"conferencia-sobre-la-obra-de-rodolfo-schenone-la-nina-sola","status":"publish","type":"post","link":"https:\/\/corrientesdetarde.com\/index.php\/cultura\/conferencia-sobre-la-obra-de-rodolfo-schenone-la-nina-sola\/","title":{"rendered":"Conferencia sobre la obra de Rodolfo Schenone \u201cLa ni\u00f1a sola\u201d"},"content":{"rendered":"\n<p>En el marco de la muestra \u201cInmanencias del ser. B\u00fasquedas y conexiones guiadas por el Post-Cubismo Surrealista\u201d se ofrecer\u00e1 el jueves 6 de julio, a las 20 hs., la conferencia sobre la obra de Rofolfo Schenone \u201cLa ni\u00f1a sola\u201d, en el ciclo La obra del mes, y que estar\u00e1 a cargo de la Prof. Alejandra Fern\u00e1ndez y el Dr. Ronald Isler Duprat. Entrada libre y gratuita.<\/p>\n\n\n\n<p>La exposici\u00f3n en la sala &#8220;Jos\u00e9 Negro&#8221;, que finaliza el 9 de julio, est\u00e1 conformada por piezas de las colecciones del Museo de Bellas Artes de Corrientes, de El Fog\u00f3n de los Arrieros y de la UNNE as\u00ed como de piezas atesoradas por coleccionistas de Chaco y Corrientes.<\/p>\n\n\n\n<p>Fue dise\u00f1ada en el marco de ArteCo 2023 y de los 20 a\u00f1os del N\u00facleo de Estudios y Documentaci\u00f3n de la Imagen (NEDIM) del Instituto de Investigaciones Geohist\u00f3ricas (IIGHI) dependiente del CONICET y de UNNE.<\/p>\n\n\n\n<p>Se exhiben obras de Juan Batlle Planas, N\u00e9lida Petruccelli, Margarita Klappembach, Esther Schvetz, Augusto Vai Fontana, Ana Pyr\u00f3, Manuel Claro Bettinelli, Eddie Torre, Adela Tarraf, Susana Geraldi, Rodolfo Schenone, Salvador Mizdraji, Mabel Vilchez, Mario Natalini, entre otros\/as artistas.<\/p>\n\n\n\n<figure class=\"wp-block-image size-large\"><img loading=\"lazy\" decoding=\"async\" width=\"819\" height=\"1024\" src=\"https:\/\/corrientesdetarde.com\/wp-content\/uploads\/2023\/07\/image-152-819x1024.png\" alt=\"\" class=\"wp-image-71874\" srcset=\"https:\/\/corrientesdetarde.com\/wp-content\/uploads\/2023\/07\/image-152-819x1024.png 819w, https:\/\/corrientesdetarde.com\/wp-content\/uploads\/2023\/07\/image-152-240x300.png 240w, https:\/\/corrientesdetarde.com\/wp-content\/uploads\/2023\/07\/image-152-768x960.png 768w, https:\/\/corrientesdetarde.com\/wp-content\/uploads\/2023\/07\/image-152.png 1080w\" sizes=\"auto, (max-width: 819px) 100vw, 819px\" \/><\/figure>\n","protected":false},"excerpt":{"rendered":"<p>En el marco de la muestra \u201cInmanencias del ser. B\u00fasquedas y conexiones guiadas por el Post-Cubismo Surrealista\u201d se ofrecer\u00e1 el jueves 6 de julio, a las 20 hs., la conferencia&hellip; <\/p>\n","protected":false},"author":1,"featured_media":71875,"comment_status":"closed","ping_status":"open","sticky":false,"template":"","format":"standard","meta":{"footnotes":""},"categories":[15],"tags":[],"class_list":["post-71870","post","type-post","status-publish","format-standard","has-post-thumbnail","hentry","category-cultura"],"_links":{"self":[{"href":"https:\/\/corrientesdetarde.com\/index.php\/wp-json\/wp\/v2\/posts\/71870","targetHints":{"allow":["GET"]}}],"collection":[{"href":"https:\/\/corrientesdetarde.com\/index.php\/wp-json\/wp\/v2\/posts"}],"about":[{"href":"https:\/\/corrientesdetarde.com\/index.php\/wp-json\/wp\/v2\/types\/post"}],"author":[{"embeddable":true,"href":"https:\/\/corrientesdetarde.com\/index.php\/wp-json\/wp\/v2\/users\/1"}],"replies":[{"embeddable":true,"href":"https:\/\/corrientesdetarde.com\/index.php\/wp-json\/wp\/v2\/comments?post=71870"}],"version-history":[{"count":1,"href":"https:\/\/corrientesdetarde.com\/index.php\/wp-json\/wp\/v2\/posts\/71870\/revisions"}],"predecessor-version":[{"id":71876,"href":"https:\/\/corrientesdetarde.com\/index.php\/wp-json\/wp\/v2\/posts\/71870\/revisions\/71876"}],"wp:featuredmedia":[{"embeddable":true,"href":"https:\/\/corrientesdetarde.com\/index.php\/wp-json\/wp\/v2\/media\/71875"}],"wp:attachment":[{"href":"https:\/\/corrientesdetarde.com\/index.php\/wp-json\/wp\/v2\/media?parent=71870"}],"wp:term":[{"taxonomy":"category","embeddable":true,"href":"https:\/\/corrientesdetarde.com\/index.php\/wp-json\/wp\/v2\/categories?post=71870"},{"taxonomy":"post_tag","embeddable":true,"href":"https:\/\/corrientesdetarde.com\/index.php\/wp-json\/wp\/v2\/tags?post=71870"}],"curies":[{"name":"wp","href":"https:\/\/api.w.org\/{rel}","templated":true}]}}