{"id":71871,"date":"2023-07-05T20:44:05","date_gmt":"2023-07-05T23:44:05","guid":{"rendered":"https:\/\/corrientesdetarde.com\/?p=71871"},"modified":"2023-07-05T20:44:11","modified_gmt":"2023-07-05T23:44:11","slug":"campana-caliente-moreno-dice-que-buenos-aires-tiene-cura","status":"publish","type":"post","link":"https:\/\/corrientesdetarde.com\/index.php\/politica\/campana-caliente-moreno-dice-que-buenos-aires-tiene-cura\/","title":{"rendered":"CAMPA\u00d1A CALIENTE: MORENO DICE QUE \u201cBUENOS AIRES TIENE CURA\u201d"},"content":{"rendered":"\n<p>(Pablo Roma, Gremiales) &#8211; Esta tarde, el ex Secretario de Comercio y Candidato a Presidente Guillermo Moreno present\u00f3 oficialmente en compa\u00f1\u00eda del Secretario general del gremio de trabajadores de ANSES, Leo Fabre, al sacerdote cat\u00f3lico Eduardo Graham, como aspirante a gobernar la Ciudad de Buenos Aires.<\/p>\n\n\n\n<p>En un marco netamente peronista llevado a cabo en APOPS, donde el Secretario general acompa\u00f1a a Moreno como Candidato a Vicepresidente, el espacio Principios y Valores colm\u00f3 de militantes el auditorio para apoyar la candidatura del Padre Graham y su incursi\u00f3n en la pol\u00edtica.<\/p>\n\n\n\n<p>Luego de agradecer al Arzobispo primado de la Argentina Jorge Garc\u00eda Cuerva por haberle dado la dispensa para presentarse a un cargo electivo, el cura Graham llam\u00f3 a los porte\u00f1os a repensar Buenos Aires desde los barrios hacia arriba.<\/p>\n\n\n\n<figure class=\"wp-block-embed is-type-video is-provider-youtube wp-block-embed-youtube wp-embed-aspect-16-9 wp-has-aspect-ratio\"><div class=\"wp-block-embed__wrapper\">\n<iframe loading=\"lazy\" title=\"Guillermo Moreno present\u00f3 a un cura candidato a jefe de gobierno porte\u00f1o\" width=\"1110\" height=\"624\" src=\"https:\/\/www.youtube.com\/embed\/VUXQnHaiP08?feature=oembed\" frameborder=\"0\" allow=\"accelerometer; autoplay; clipboard-write; encrypted-media; gyroscope; picture-in-picture; web-share\" allowfullscreen><\/iframe>\n<\/div><\/figure>\n\n\n\n<p>\u201cNecesitamos una pol\u00edtica solidaria como siempre propuso la doctrina peronista, para con los chicos que est\u00e1n en la calle, las familias sin techo y el flagelo del paco en nuestros j\u00f3venes\u201d, expres\u00f3 el sacerdote.<\/p>\n\n\n\n<p>Para ello prometi\u00f3 que de acceder al gobierno capitalino, implementar\u00e1 el \u201cMinisterio de la Comunidad\u201d, que ser\u00e1 el encargado de contener todas las necesidades sociales de los vecinos.<\/p>\n\n\n\n<p>Al respecto, Moreno adelant\u00f3 que \u201ccuando sea ungido presidente, el 10 de diciembre ir\u00e1n a hacer la primera acci\u00f3n de gobierno en Nordelta, donde est\u00e1 la cuna de los traficantes de drogas y paralelamente a ello, el sacerdote Graham implementar\u00e1 su tarea para poner los recursos comunitarios al servicio de la recuperaci\u00f3n y el sost\u00e9n de la abstinencia de los j\u00f3venes adictos\u201d.<\/p>\n\n\n\n<p>Por otro lado, Fabr\u00e9 se refiri\u00f3 al candidato del oficialismo Sergio Massa con dureza y advirti\u00f3 que \u201ccuando luchamos por la recuperaci\u00f3n de las jubilaciones que se hab\u00edan robado las AFJP, el presidente Kirchner tuvo que echarlo del ANSES porque se opon\u00eda a devolverle la plata a los jubilados\u201d.<\/p>\n\n\n\n<p>En ese sentido, lament\u00f3 a su entender que \u201cusurpen el peronismo para llevar a cabo los intereses de la Embajada de los Estados Unidos y el FMI, contra las necesidades del pueblo argentino\u201d.<\/p>\n\n\n\n<p>Vale destacar que Graham es licenciado en Teolog\u00eda por la Universidad Cat\u00f3lica de Argentina (UCA), p\u00e1rroco de la parroquia San Pedro Telmo, profesor universitario y director de teatro.<\/p>\n\n\n\n<p>&#8220;Fue una propuesta inesperada que me hizo Guillermo Moreno. Yo suelo acompa\u00f1ar, estar cerca de los que me piden, estar cerca de quienes realizan las tareas de las actividades comunitarias y pol\u00edticas, y la verdad que Guillermo me plante\u00f3 esto hace mucho&#8221;, cont\u00f3 Graham.<\/p>\n\n\n\n<p>Entre los presentes tambi\u00e9n se encontraban referentes pol\u00edticos como Pimpi Colombo, Luis Del\u00eda y Alberto Samid, junto con dirigentes de distintos sindicatos que apoyan la propuesta de \u201cPrincipios y Valores\u201d.<\/p>\n","protected":false},"excerpt":{"rendered":"<p>(Pablo Roma, Gremiales) &#8211; Esta tarde, el ex Secretario de Comercio y Candidato a Presidente Guillermo Moreno present\u00f3 oficialmente en compa\u00f1\u00eda del Secretario general del gremio de trabajadores de ANSES,&hellip; <\/p>\n","protected":false},"author":11,"featured_media":71872,"comment_status":"closed","ping_status":"open","sticky":false,"template":"","format":"standard","meta":{"footnotes":""},"categories":[3],"tags":[783,139,797,302,798],"class_list":["post-71871","post","type-post","status-publish","format-standard","has-post-thumbnail","hentry","category-politica","tag-cura","tag-fabre","tag-graham","tag-moreno-2","tag-valores"],"_links":{"self":[{"href":"https:\/\/corrientesdetarde.com\/index.php\/wp-json\/wp\/v2\/posts\/71871","targetHints":{"allow":["GET"]}}],"collection":[{"href":"https:\/\/corrientesdetarde.com\/index.php\/wp-json\/wp\/v2\/posts"}],"about":[{"href":"https:\/\/corrientesdetarde.com\/index.php\/wp-json\/wp\/v2\/types\/post"}],"author":[{"embeddable":true,"href":"https:\/\/corrientesdetarde.com\/index.php\/wp-json\/wp\/v2\/users\/11"}],"replies":[{"embeddable":true,"href":"https:\/\/corrientesdetarde.com\/index.php\/wp-json\/wp\/v2\/comments?post=71871"}],"version-history":[{"count":1,"href":"https:\/\/corrientesdetarde.com\/index.php\/wp-json\/wp\/v2\/posts\/71871\/revisions"}],"predecessor-version":[{"id":71873,"href":"https:\/\/corrientesdetarde.com\/index.php\/wp-json\/wp\/v2\/posts\/71871\/revisions\/71873"}],"wp:featuredmedia":[{"embeddable":true,"href":"https:\/\/corrientesdetarde.com\/index.php\/wp-json\/wp\/v2\/media\/71872"}],"wp:attachment":[{"href":"https:\/\/corrientesdetarde.com\/index.php\/wp-json\/wp\/v2\/media?parent=71871"}],"wp:term":[{"taxonomy":"category","embeddable":true,"href":"https:\/\/corrientesdetarde.com\/index.php\/wp-json\/wp\/v2\/categories?post=71871"},{"taxonomy":"post_tag","embeddable":true,"href":"https:\/\/corrientesdetarde.com\/index.php\/wp-json\/wp\/v2\/tags?post=71871"}],"curies":[{"name":"wp","href":"https:\/\/api.w.org\/{rel}","templated":true}]}}