{"id":71885,"date":"2023-07-05T22:29:55","date_gmt":"2023-07-06T01:29:55","guid":{"rendered":"https:\/\/corrientesdetarde.com\/?p=71885"},"modified":"2023-07-05T22:30:00","modified_gmt":"2023-07-06T01:30:00","slug":"trasladaron-a-marcela-acuna-al-perrando","status":"publish","type":"post","link":"https:\/\/corrientesdetarde.com\/index.php\/crimen-y-justicia\/trasladaron-a-marcela-acuna-al-perrando\/","title":{"rendered":"Trasladaron a Marcela Acu\u00f1a al Perrando"},"content":{"rendered":"\n<p>Aunque no se conocieron m\u00e1s detalles, se sabe que Acu\u00f1a se encuentra en huelga de hambre desde el 13 de junio, reclamando su liberaci\u00f3n.<\/p>\n\n\n\n<p>Seg\u00fan un memo policial &nbsp;que se dio a conocer alrededor de las 19:40, se dispuso de una comisi\u00f3n de &nbsp;la Divisi\u00f3n Fuerza Operaciones Estrategicas Femeninas para que junto a un m\u00f3vil de la Comisar\u00eda Tercera, proceda al traslado de la detenida.&nbsp;<\/p>\n\n\n\n<p>Con informaci\u00f3n del colega Ayrton Teruel<\/p>\n\n\n\n<p>\u00e9poca<\/p>\n","protected":false},"excerpt":{"rendered":"<p>Aunque no se conocieron m\u00e1s detalles, se sabe que Acu\u00f1a se encuentra en huelga de hambre desde el 13 de junio, reclamando su liberaci\u00f3n. Seg\u00fan un memo policial &nbsp;que se&hellip; <\/p>\n","protected":false},"author":1,"featured_media":71889,"comment_status":"closed","ping_status":"open","sticky":false,"template":"","format":"standard","meta":{"footnotes":""},"categories":[5],"tags":[],"class_list":["post-71885","post","type-post","status-publish","format-standard","has-post-thumbnail","hentry","category-crimen-y-justicia"],"_links":{"self":[{"href":"https:\/\/corrientesdetarde.com\/index.php\/wp-json\/wp\/v2\/posts\/71885","targetHints":{"allow":["GET"]}}],"collection":[{"href":"https:\/\/corrientesdetarde.com\/index.php\/wp-json\/wp\/v2\/posts"}],"about":[{"href":"https:\/\/corrientesdetarde.com\/index.php\/wp-json\/wp\/v2\/types\/post"}],"author":[{"embeddable":true,"href":"https:\/\/corrientesdetarde.com\/index.php\/wp-json\/wp\/v2\/users\/1"}],"replies":[{"embeddable":true,"href":"https:\/\/corrientesdetarde.com\/index.php\/wp-json\/wp\/v2\/comments?post=71885"}],"version-history":[{"count":1,"href":"https:\/\/corrientesdetarde.com\/index.php\/wp-json\/wp\/v2\/posts\/71885\/revisions"}],"predecessor-version":[{"id":71890,"href":"https:\/\/corrientesdetarde.com\/index.php\/wp-json\/wp\/v2\/posts\/71885\/revisions\/71890"}],"wp:featuredmedia":[{"embeddable":true,"href":"https:\/\/corrientesdetarde.com\/index.php\/wp-json\/wp\/v2\/media\/71889"}],"wp:attachment":[{"href":"https:\/\/corrientesdetarde.com\/index.php\/wp-json\/wp\/v2\/media?parent=71885"}],"wp:term":[{"taxonomy":"category","embeddable":true,"href":"https:\/\/corrientesdetarde.com\/index.php\/wp-json\/wp\/v2\/categories?post=71885"},{"taxonomy":"post_tag","embeddable":true,"href":"https:\/\/corrientesdetarde.com\/index.php\/wp-json\/wp\/v2\/tags?post=71885"}],"curies":[{"name":"wp","href":"https:\/\/api.w.org\/{rel}","templated":true}]}}