{"id":71886,"date":"2023-07-05T21:49:29","date_gmt":"2023-07-06T00:49:29","guid":{"rendered":"https:\/\/corrientesdetarde.com\/?p=71886"},"modified":"2023-07-05T21:49:36","modified_gmt":"2023-07-06T00:49:36","slug":"que-necesidad-habia-de-pegarle-siete-tiros-hablo-la-hermana-del-ladron-asesinado-en-quilmes","status":"publish","type":"post","link":"https:\/\/corrientesdetarde.com\/index.php\/policiales\/que-necesidad-habia-de-pegarle-siete-tiros-hablo-la-hermana-del-ladron-asesinado-en-quilmes\/","title":{"rendered":"&#8220;\u00bfQu\u00e9 necesidad hab\u00eda de pegarle siete tiros?&#8221;: habl\u00f3 la hermana del ladr\u00f3n asesinado en Quilmes"},"content":{"rendered":"\n<p>El juez de C\u00e1mara de San Isidro Ernesto Garc\u00eda Maa\u00f1on y su custodio mataron el s\u00e1bado pasado a un adolescente de 18 a\u00f1os que intent\u00f3 asaltarlos cuando sal\u00edan de un pol\u00edgono en el partido bonaerense de Quilmes. El funcionario judicial y su empleado tambi\u00e9n hirieron a los dos secuaces del<br>Gabriela, hermana del adolescente asesinado, explic\u00f3 a C5N que sali\u00f3 a la calle cuando escuch\u00f3 los disparos del juez de San Isidro &#8220;porque estamos en un barrio y \u00e9l es un pibe que siempre ten\u00eda problemas, se peleaba&#8221;.<\/p>\n\n\n\n<p>&#8220;Yo s\u00e9 que la droga te lleva a hacer cualquier cosa&#8221;, se\u00f1al\u00f3 Gabriela sobre su hermano, que hab\u00eda cumplido 18 a\u00f1os el 9 de junio pasado y desde los 13 ten\u00eda problemas de addici\u00f3n.<\/p>\n\n\n\n<p>Gabriela afirm\u00f3 que no se imaginaba que su hermano tendr\u00eda semejante final. &#8220;Nosotros siempre le dec\u00edamos &#8220;vas a terminar preso, la c\u00e1rcel es fea, dej\u00e1 de drogarte&#8221;. Yo le hablaba, mi mam\u00e1, los vecinos, todos&#8221;, asegur\u00f3.<\/p>\n\n\n\n<p>La joven encontr\u00f3 a su hermano moribundo en un pasillo del barrio a donde sus vecinos hab\u00edan logrado llevarlo. Ten\u00eda dos disparos, uno en el pecho y otro en la pierna, y ya no estaba consciente.<\/p>\n\n\n\n<p>&#8220;Lo sacaron los vecinos y encima lo tuvieron que tirar en el piso porque el custodio y el juez estaban tirando para que no nos acerquemos a los cuerpos&#8221;, indic\u00f3 Gabriela a prop\u00f3sito de su hermano y de los dos secuaces que resultaron heridos en el tiroteo.<\/p>\n\n\n\n<p>&nbsp;<br>&#8220;No te justifico, pero ya le hab\u00edas pegado. Si es profesional y sabe, sabe c\u00f3mo manejarse. Ya le hab\u00edas pegado, \u00bfqu\u00e9 necesidad hab\u00eda de pegarle (m\u00e1s)? Tiene siete tiros, \u00bfc\u00f3mo le vas a pegar siete tiros al pibe?&#8221;, sentenci\u00f3 la mujer.<\/p>\n\n\n\n<p>El ladr\u00f3n que est\u00e1 internado en estado grave se llama Cristian y recibi\u00f3 al menos seis tiros, seg\u00fan confirm\u00f3 Gabriela. &#8220;M\u00e1s dos que tiene el otro pibe, m\u00e1s dos que tiene mi hermano. Como 10 tiros&#8221;, convino.<\/p>\n\n\n\n<p>&nbsp;<br>Una vecina y la hija de Gabriela, que estaba con su propia beba en la verduler\u00eda al momento del intento de asalto en Quilmes, dieron cuenta de la misma versi\u00f3n sobre el uso desmedido de las armas de fuego.<\/p>\n\n\n\n<p>&#8220;Tampoco voy a defender a mi hermano porque no estaba&#8221;, asegur\u00f3 Gabriela por su parte.<\/p>\n","protected":false},"excerpt":{"rendered":"<p>El juez de C\u00e1mara de San Isidro Ernesto Garc\u00eda Maa\u00f1on y su custodio mataron el s\u00e1bado pasado a un adolescente de 18 a\u00f1os que intent\u00f3 asaltarlos cuando sal\u00edan de un&hellip; <\/p>\n","protected":false},"author":1,"featured_media":71887,"comment_status":"closed","ping_status":"open","sticky":false,"template":"","format":"standard","meta":{"footnotes":""},"categories":[33],"tags":[],"class_list":["post-71886","post","type-post","status-publish","format-standard","has-post-thumbnail","hentry","category-policiales"],"_links":{"self":[{"href":"https:\/\/corrientesdetarde.com\/index.php\/wp-json\/wp\/v2\/posts\/71886","targetHints":{"allow":["GET"]}}],"collection":[{"href":"https:\/\/corrientesdetarde.com\/index.php\/wp-json\/wp\/v2\/posts"}],"about":[{"href":"https:\/\/corrientesdetarde.com\/index.php\/wp-json\/wp\/v2\/types\/post"}],"author":[{"embeddable":true,"href":"https:\/\/corrientesdetarde.com\/index.php\/wp-json\/wp\/v2\/users\/1"}],"replies":[{"embeddable":true,"href":"https:\/\/corrientesdetarde.com\/index.php\/wp-json\/wp\/v2\/comments?post=71886"}],"version-history":[{"count":1,"href":"https:\/\/corrientesdetarde.com\/index.php\/wp-json\/wp\/v2\/posts\/71886\/revisions"}],"predecessor-version":[{"id":71888,"href":"https:\/\/corrientesdetarde.com\/index.php\/wp-json\/wp\/v2\/posts\/71886\/revisions\/71888"}],"wp:featuredmedia":[{"embeddable":true,"href":"https:\/\/corrientesdetarde.com\/index.php\/wp-json\/wp\/v2\/media\/71887"}],"wp:attachment":[{"href":"https:\/\/corrientesdetarde.com\/index.php\/wp-json\/wp\/v2\/media?parent=71886"}],"wp:term":[{"taxonomy":"category","embeddable":true,"href":"https:\/\/corrientesdetarde.com\/index.php\/wp-json\/wp\/v2\/categories?post=71886"},{"taxonomy":"post_tag","embeddable":true,"href":"https:\/\/corrientesdetarde.com\/index.php\/wp-json\/wp\/v2\/tags?post=71886"}],"curies":[{"name":"wp","href":"https:\/\/api.w.org\/{rel}","templated":true}]}}