{"id":71891,"date":"2023-07-05T22:40:05","date_gmt":"2023-07-06T01:40:05","guid":{"rendered":"https:\/\/corrientesdetarde.com\/?p=71891"},"modified":"2023-07-05T22:40:09","modified_gmt":"2023-07-06T01:40:09","slug":"encontraron-a-trabajadores-en-condiciones-deplorables-en-uno-de-los-campos-de-batistuta","status":"publish","type":"post","link":"https:\/\/corrientesdetarde.com\/index.php\/informacion-general\/encontraron-a-trabajadores-en-condiciones-deplorables-en-uno-de-los-campos-de-batistuta\/","title":{"rendered":"Encontraron a trabajadores &#8220;en condiciones deplorables&#8221; en uno de los campos de Batistuta"},"content":{"rendered":"\n<p>El secretario de la Uni\u00f3n Argentina de Trabajadores Rurales y Estibadores (UATRE), Jos\u00e9 Voytenco, denunci\u00f3 que una inspecci\u00f3n en uno de los campos que el exgoleador argentino Gabriel Batistuta tiene en Reconquista, Santa Fe, detect\u00f3 una escena &#8220;indignante&#8221;, con trabajadores &#8220;en condiciones deplorables&#8221;.<\/p>\n\n\n\n<p><strong>&#8220;Trabajadores en situaci\u00f3n de explotaci\u00f3n y en condiciones deplorables&#8221;<\/strong><\/p>\n\n\n\n<p><br>El gremialista se\u00f1al\u00f3 que &#8220;hubo una denuncia an\u00f3nima que alert\u00f3 sobre incumplimientos en un campo que es propiedad del se\u00f1or Gabriel Batistuta, se hizo una inspecci\u00f3n y se pudo constatar lo que se dec\u00eda&#8221;, indic\u00f3 en declaraciones a radio La Red.<\/p>\n\n\n\n<p>Sobre lo que se encontr\u00f3 en la inspecci\u00f3n, Voytenco describi\u00f3: &#8220;Hab\u00eda trabajadores en situaci\u00f3n de explotaci\u00f3n, mal pagados y en condiciones deplorables&#8221;, dijo y agreg\u00f3: &#8220;Nos llam\u00f3 poderosamente la atenci\u00f3n primero la imposibilidad de poder acceder a los campos, fue algo muy dif\u00edcil, y luego fue indignate lo que se pudo ver&#8221;, lanz\u00f3.<\/p>\n\n\n\n<p>En este sentido, el Secretario General de UATRE puntualiz\u00f3 que en el campo de Batistuta se encontraron &#8220;siete trabajadores que viv\u00edan en una vivienda precaria, con jornadas de m\u00e1s de las ocho horas establecidas, no se le pagaban horas extras, no estaban registrados, no ten\u00edan ropa de trabajo adecuada y algunos ten\u00edan discapacidad. Las escalas salariales no se cumpl\u00edan y ten\u00edan cero provisi\u00f3n de agua potable&#8221;.<\/p>\n","protected":false},"excerpt":{"rendered":"<p>El secretario de la Uni\u00f3n Argentina de Trabajadores Rurales y Estibadores (UATRE), Jos\u00e9 Voytenco, denunci\u00f3 que una inspecci\u00f3n en uno de los campos que el exgoleador argentino Gabriel Batistuta tiene&hellip; <\/p>\n","protected":false},"author":1,"featured_media":71892,"comment_status":"closed","ping_status":"open","sticky":false,"template":"","format":"standard","meta":{"footnotes":""},"categories":[1],"tags":[],"class_list":["post-71891","post","type-post","status-publish","format-standard","has-post-thumbnail","hentry","category-informacion-general"],"_links":{"self":[{"href":"https:\/\/corrientesdetarde.com\/index.php\/wp-json\/wp\/v2\/posts\/71891","targetHints":{"allow":["GET"]}}],"collection":[{"href":"https:\/\/corrientesdetarde.com\/index.php\/wp-json\/wp\/v2\/posts"}],"about":[{"href":"https:\/\/corrientesdetarde.com\/index.php\/wp-json\/wp\/v2\/types\/post"}],"author":[{"embeddable":true,"href":"https:\/\/corrientesdetarde.com\/index.php\/wp-json\/wp\/v2\/users\/1"}],"replies":[{"embeddable":true,"href":"https:\/\/corrientesdetarde.com\/index.php\/wp-json\/wp\/v2\/comments?post=71891"}],"version-history":[{"count":1,"href":"https:\/\/corrientesdetarde.com\/index.php\/wp-json\/wp\/v2\/posts\/71891\/revisions"}],"predecessor-version":[{"id":71893,"href":"https:\/\/corrientesdetarde.com\/index.php\/wp-json\/wp\/v2\/posts\/71891\/revisions\/71893"}],"wp:featuredmedia":[{"embeddable":true,"href":"https:\/\/corrientesdetarde.com\/index.php\/wp-json\/wp\/v2\/media\/71892"}],"wp:attachment":[{"href":"https:\/\/corrientesdetarde.com\/index.php\/wp-json\/wp\/v2\/media?parent=71891"}],"wp:term":[{"taxonomy":"category","embeddable":true,"href":"https:\/\/corrientesdetarde.com\/index.php\/wp-json\/wp\/v2\/categories?post=71891"},{"taxonomy":"post_tag","embeddable":true,"href":"https:\/\/corrientesdetarde.com\/index.php\/wp-json\/wp\/v2\/tags?post=71891"}],"curies":[{"name":"wp","href":"https:\/\/api.w.org\/{rel}","templated":true}]}}