{"id":71894,"date":"2023-07-05T23:48:11","date_gmt":"2023-07-06T02:48:11","guid":{"rendered":"https:\/\/corrientesdetarde.com\/?p=71894"},"modified":"2023-07-05T23:48:15","modified_gmt":"2023-07-06T02:48:15","slug":"actualizacion-tras-23-dias-en-huelga-de-hambre-trasladaron-a-marcela-acuna-al-hospital-perrando","status":"publish","type":"post","link":"https:\/\/corrientesdetarde.com\/index.php\/crimen-y-justicia\/actualizacion-tras-23-dias-en-huelga-de-hambre-trasladaron-a-marcela-acuna-al-hospital-perrando\/","title":{"rendered":"ACTUALIZACI\u00d3N: Tras 23 d\u00edas en huelga de hambre, trasladaron a Marcela Acu\u00f1a al Hospital Perrando"},"content":{"rendered":"\n<p>En la tarde de este mi\u00e9rcoles, y luego de que se ratificara a Ricardo Osuna como su nuevo abogado, la dirigente piquetera Marcela Acu\u00f1a fue trasladada desde el Departamento de Violencia Familiar y de G\u00e9nero donde est\u00e1 alojada hasta el Hospital Perrando por encontrarse en un &#8220;deteriorado estado de salud&#8221;.&nbsp;<\/p>\n\n\n\n<p>La Divisi\u00f3n Fuerza Operaciones Estrategicas Femeninas acompa\u00f1\u00f3 la salida Acu\u00f1a quien ser\u00e1 examinada en el nosocomio local tras pasar, contando hasta este 5 de julio, 23 d\u00edas en huelga de hambre.&nbsp;<\/p>\n\n\n\n<p>En este sentido, Osuna expres\u00f3 que Acu\u00f1a posee &#8220;un deteriorado estado de salud as\u00ed que vamos a ver qu\u00e9 dictamina la junta m\u00e9dica&#8221;. El letrado confirm\u00f3 que eval\u00faan presentar un h\u00e1beas corpus.&nbsp;<\/p>\n\n\n\n<p>&#8220;Ahora Marcela me pidi\u00f3 que pida el traslado a la c\u00e1rcel de mujeres porque es bastante malo el trato ac\u00e1, incluso nosotros estamos hace m\u00e1s de una hora y media para poder entrevistarnos y primero nos salieron diciendo que solamente pod\u00edamos venir los d\u00edas de visita y despu\u00e9s tuvimos que hablar con el fiscal y pedirle un favor personal para que nos dejen hablar con la detenida&#8221;, detall\u00f3 respecto al encuentro que deb\u00edan tener luego de que el letrado asumiera su defensa.&nbsp;<\/p>\n\n\n\n<p>Con respecto a su encuentro con la dirigente piquetera expres\u00f3 que &#8220;apenas nos dejaron hablar&#8221;. Por otra parte, asever\u00f3 que la preocupaci\u00f3n de Acu\u00f1a es Emerenciano Sena. &#8220;A ella lo que m\u00e1s le aflige a ella es que a Emerenciano lo tienen privado de libertad con un colon sangrante, diabetes y no s\u00e9 qu\u00e9 otra complicaci\u00f3n m\u00e1s, y en realidad Emerenciano no tiene nada que ver, eso es lo que me manifest\u00f3 ella&#8221;.&nbsp;<\/p>\n\n\n\n<p>DIARIO CHACO<\/p>\n","protected":false},"excerpt":{"rendered":"<p>En la tarde de este mi\u00e9rcoles, y luego de que se ratificara a Ricardo Osuna como su nuevo abogado, la dirigente piquetera Marcela Acu\u00f1a fue trasladada desde el Departamento de&hellip; <\/p>\n","protected":false},"author":1,"featured_media":71895,"comment_status":"closed","ping_status":"open","sticky":false,"template":"","format":"standard","meta":{"footnotes":""},"categories":[5],"tags":[],"class_list":["post-71894","post","type-post","status-publish","format-standard","has-post-thumbnail","hentry","category-crimen-y-justicia"],"_links":{"self":[{"href":"https:\/\/corrientesdetarde.com\/index.php\/wp-json\/wp\/v2\/posts\/71894","targetHints":{"allow":["GET"]}}],"collection":[{"href":"https:\/\/corrientesdetarde.com\/index.php\/wp-json\/wp\/v2\/posts"}],"about":[{"href":"https:\/\/corrientesdetarde.com\/index.php\/wp-json\/wp\/v2\/types\/post"}],"author":[{"embeddable":true,"href":"https:\/\/corrientesdetarde.com\/index.php\/wp-json\/wp\/v2\/users\/1"}],"replies":[{"embeddable":true,"href":"https:\/\/corrientesdetarde.com\/index.php\/wp-json\/wp\/v2\/comments?post=71894"}],"version-history":[{"count":1,"href":"https:\/\/corrientesdetarde.com\/index.php\/wp-json\/wp\/v2\/posts\/71894\/revisions"}],"predecessor-version":[{"id":71896,"href":"https:\/\/corrientesdetarde.com\/index.php\/wp-json\/wp\/v2\/posts\/71894\/revisions\/71896"}],"wp:featuredmedia":[{"embeddable":true,"href":"https:\/\/corrientesdetarde.com\/index.php\/wp-json\/wp\/v2\/media\/71895"}],"wp:attachment":[{"href":"https:\/\/corrientesdetarde.com\/index.php\/wp-json\/wp\/v2\/media?parent=71894"}],"wp:term":[{"taxonomy":"category","embeddable":true,"href":"https:\/\/corrientesdetarde.com\/index.php\/wp-json\/wp\/v2\/categories?post=71894"},{"taxonomy":"post_tag","embeddable":true,"href":"https:\/\/corrientesdetarde.com\/index.php\/wp-json\/wp\/v2\/tags?post=71894"}],"curies":[{"name":"wp","href":"https:\/\/api.w.org\/{rel}","templated":true}]}}