{"id":71900,"date":"2023-07-06T08:33:49","date_gmt":"2023-07-06T11:33:49","guid":{"rendered":"https:\/\/corrientesdetarde.com\/?p=71900"},"modified":"2023-07-06T08:33:53","modified_gmt":"2023-07-06T11:33:53","slug":"patricia-bullrich-nuestro-primer-presupuesto-nacional-sera-con-deficit-cero","status":"publish","type":"post","link":"https:\/\/corrientesdetarde.com\/index.php\/politica\/patricia-bullrich-nuestro-primer-presupuesto-nacional-sera-con-deficit-cero\/","title":{"rendered":"PATRICIA BULLRICH: &#8220;Nuestro primer Presupuesto Nacional ser\u00e1 con d\u00e9ficit cero&#8221;"},"content":{"rendered":"\n<p>La precandidata dijo que &#8220;terminar\u00e1 con las ciudades tomadas&#8221; y con la inflaci\u00f3n. Cuestion\u00f3 a Larreta. Anticip\u00f3 que est\u00e1n trabajando en mecanismos de compensaci\u00f3n para Corrientes que &#8220;ha sido postergada&#8221; por Naci\u00f3n.<\/p>\n\n\n\n<p>Patricia Bullrich prometi\u00f3 que terminar\u00e1 con los piquetes, lograr\u00e1 m\u00e1s seguridad y que pondr\u00e1 orden a la econom\u00eda; que convertir\u00e1 los planes sociales en seguros de desempleo y, de esta manera, busc\u00f3 diferenciarse de Horacio Rodr\u00edguez Larreta con quien competir\u00e1 este 13 de agosto por la candidatura a Presidente de la Naci\u00f3n dentro de Juntos por el Cambio. Adem\u00e1s, anticip\u00f3 un trabajo conjunto con Corrientes en materia de distribuci\u00f3n de recursos.<\/p>\n\n\n\n<p>&#8220;A lo largo y ancho del pa\u00eds estamos logrando que nuestra propuesta y determinaci\u00f3n de un cambio profundo sea contundente&#8221;, asegur\u00f3 a Radio Dos la precandidata por la l\u00ednea de La Fuerza del Cambio. &#8220;Estamos convencidos de que vamos a poder representar a Juntos por el Cambio y mostrar un cambio profundo que ponga a la Argentina en un camino de crecimiento de la econom\u00eda&#8221;, expres\u00f3 la dirigente del PRO, quien defini\u00f3 como &#8220;un robo&#8221; a la inflaci\u00f3n.<\/p>\n\n\n\n<p>&#8220;Es necesario tener una econom\u00eda previsible y ordenada, una seguridad que realmente sea adecuada para todos&#8221;, sostuvo la exdiputada nacional por la Ciudad Aut\u00f3noma de Buenos Aires. &#8220;En Corrientes, Misiones y Salta vamos a volver a poner un control muy fuerte en el sistema inteligente de fronteras. Vamos a trabajar con los gobiernos y, sobre todo, con el de Corrientes&#8221;, se\u00f1al\u00f3.<\/p>\n\n\n\n<p>&#8220;Hay que solucionar de una vez por todas y buscar soluciones como lo viene haciendo el gobernador Gustavo Vald\u00e9s&#8221;, manifest\u00f3 la exministra de Seguridad de la Naci\u00f3n. &#8220;Necesitamos tener equilibrio fiscal, que nos ordenemos de una vez por todas, necesitamos terminar con un cepo que nos destruye la econom\u00eda, las exportaciones, que nos genera distorsiones terribles. Necesitamos reformas en el Estado para que tengamos m\u00e1s capacidad de mejores servicios para la gente&#8221;, enumer\u00f3 la precandidata a Presidente de la Naci\u00f3n.<\/p>\n\n\n\n<p>&#8220;El que pierde, se alinea y el que gana debe ser generoso para ir por un verdadero cambio&#8221; dijo Bullrich sobre la interna.<\/p>\n\n\n\n<p>&#8220;Los ni\u00f1os argentinos no pueden perder un d\u00eda de clases&#8221;, enfatiz\u00f3 en el vaticinio de su relaci\u00f3n con los gremios docentes.<\/p>\n\n\n\n<p>Bullrich tambi\u00e9n adelant\u00f3 que propiciar\u00e1 el acuerdo entre Naci\u00f3n, Provincia y municipios para &#8220;tener una relaci\u00f3n razonable entre empleo privado y p\u00fablico&#8221;. Como parte de este plan, anticip\u00f3 que convertir\u00e1 &#8220;los planes sociales en seguro de desempleo&#8221;, los cuales ser\u00e1n compatibles con un empleo formal &#8220;hasta que la gente tenga un ingreso genuino&#8221;.<\/p>\n\n\n\n<p>Y sobre el cepo cambiario decidi\u00f3 no dar plazos concretos para evitar &#8220;encorsetar&#8221; las medidas. En cuanto a c\u00f3mo bajar la inflaci\u00f3n sostuvo que parte de la receta es que no debe haber d\u00e9ficit, no imprimir billetes ni tomar deuda. &#8220;El primer presupuesto que queremos presentar, y ojal\u00e1 este Gobierno lo haga, es uno con d\u00e9ficit cero&#8221;, expuso la referente del sello amarillo.<\/p>\n\n\n\n<h2 class=\"wp-block-heading\">Corrientes<\/h2>\n\n\n\n<p>Bullrich destac\u00f3 la relaci\u00f3n con el Gobierno Provincial y valor\u00f3 el &#8220;ejemplo&#8221; en materia de &#8220;equilibrio fiscal&#8221;. No obstante, se\u00f1al\u00f3 que &#8220;Corrientes es una provincia postergada por la Naci\u00f3n&#8221;, ya que &#8220;la han dejado con menos recursos&#8221;, y esos &#8220;son desequilibrios&#8221; que no deben pensarse en t\u00e9rminos de &#8220;d\u00e9ficit fiscal&#8221;, sino de justicia. &#8220;Son situaciones de venganza de un centralismo que iba en contra de las provincias con autonom\u00eda&#8221;, consider\u00f3 la precandidata.<\/p>\n\n\n\n<p>&#8220;Hay que pelear contra las injusticias&#8221;, sintetiz\u00f3. Si bien reconoci\u00f3 que para cambiar el r\u00e9gimen de coparticipaci\u00f3n hay que reformar la Constituci\u00f3n Nacional, evalu\u00f3 que est\u00e1n trabajando en mecanismos &#8220;para generar justicia en las provincias que han sido postergadas&#8221;. Cabe se\u00f1alar que el gobernador Gustavo Vald\u00e9s reclama por un punto de dicho reparto federal.<\/p>\n\n\n\n<p>&#8220;Hay una concepci\u00f3n populista de repartir los recursos en funci\u00f3n de la cantidad de votantes, pero hay una funci\u00f3n seria y responsable de que se tienen que repartir de acuerdo a la necesidad de la gente&#8221;, destac\u00f3 en relaci\u00f3n con la distribuci\u00f3n de subsidios. &#8220;No creo que la soluci\u00f3n sea m\u00e1s subsidios, sino m\u00e1s justicia&#8221;, relacion\u00f3 y anticip\u00f3 que, de ser gobierno, convocar\u00e1 a los gobernadores para acordar un modelo.<\/p>\n\n\n\n<h2 class=\"wp-block-heading\">Horacio<\/h2>\n\n\n\n<p>Sobre la discusi\u00f3n con Rodr\u00edguez Larreta, Bullrich analiz\u00f3 que en las PASO se deben dar a conocer las propuestas. &#8220;Yo planteo las cosas con claridad&#8221;, asever\u00f3.<\/p>\n","protected":false},"excerpt":{"rendered":"<p>La precandidata dijo que &#8220;terminar\u00e1 con las ciudades tomadas&#8221; y con la inflaci\u00f3n. Cuestion\u00f3 a Larreta. Anticip\u00f3 que est\u00e1n trabajando en mecanismos de compensaci\u00f3n para Corrientes que &#8220;ha sido postergada&#8221;&hellip; <\/p>\n","protected":false},"author":4,"featured_media":71910,"comment_status":"closed","ping_status":"open","sticky":false,"template":"","format":"standard","meta":{"footnotes":""},"categories":[3],"tags":[],"class_list":["post-71900","post","type-post","status-publish","format-standard","has-post-thumbnail","hentry","category-politica"],"_links":{"self":[{"href":"https:\/\/corrientesdetarde.com\/index.php\/wp-json\/wp\/v2\/posts\/71900","targetHints":{"allow":["GET"]}}],"collection":[{"href":"https:\/\/corrientesdetarde.com\/index.php\/wp-json\/wp\/v2\/posts"}],"about":[{"href":"https:\/\/corrientesdetarde.com\/index.php\/wp-json\/wp\/v2\/types\/post"}],"author":[{"embeddable":true,"href":"https:\/\/corrientesdetarde.com\/index.php\/wp-json\/wp\/v2\/users\/4"}],"replies":[{"embeddable":true,"href":"https:\/\/corrientesdetarde.com\/index.php\/wp-json\/wp\/v2\/comments?post=71900"}],"version-history":[{"count":1,"href":"https:\/\/corrientesdetarde.com\/index.php\/wp-json\/wp\/v2\/posts\/71900\/revisions"}],"predecessor-version":[{"id":71911,"href":"https:\/\/corrientesdetarde.com\/index.php\/wp-json\/wp\/v2\/posts\/71900\/revisions\/71911"}],"wp:featuredmedia":[{"embeddable":true,"href":"https:\/\/corrientesdetarde.com\/index.php\/wp-json\/wp\/v2\/media\/71910"}],"wp:attachment":[{"href":"https:\/\/corrientesdetarde.com\/index.php\/wp-json\/wp\/v2\/media?parent=71900"}],"wp:term":[{"taxonomy":"category","embeddable":true,"href":"https:\/\/corrientesdetarde.com\/index.php\/wp-json\/wp\/v2\/categories?post=71900"},{"taxonomy":"post_tag","embeddable":true,"href":"https:\/\/corrientesdetarde.com\/index.php\/wp-json\/wp\/v2\/tags?post=71900"}],"curies":[{"name":"wp","href":"https:\/\/api.w.org\/{rel}","templated":true}]}}