{"id":71907,"date":"2023-07-06T08:29:33","date_gmt":"2023-07-06T11:29:33","guid":{"rendered":"https:\/\/corrientesdetarde.com\/?p=71907"},"modified":"2023-07-06T08:30:04","modified_gmt":"2023-07-06T11:30:04","slug":"diputados-pidieron-a-nacion-que-defina-los-limites-con-paraguay-tras-el-conflicto","status":"publish","type":"post","link":"https:\/\/corrientesdetarde.com\/index.php\/locales\/diputados-pidieron-a-nacion-que-defina-los-limites-con-paraguay-tras-el-conflicto\/","title":{"rendered":"Diputados pidieron a Naci\u00f3n que defina los l\u00edmites con Paraguay tras el conflicto"},"content":{"rendered":"\n<p>En Isla Apip\u00e9, los legisladores de la C\u00e1mara Baja abordaron el incidente y solicitaron \u00a0que se respeten los tratados internacionales y remarcaron la necesidad de contar con\u00a0la delimitaci\u00f3n de la zona argentina.\u00a0<\/p>\n\n\n\n<p>En una sesi\u00f3n hist\u00f3rica, la C\u00e1mara de Diputados de Corrientes en la Isla Apip\u00e9 abord\u00f3 ayer el conflicto que se produjo con la Prefectura de Paraguay, que ingres\u00f3 a aguas argentinas y pidi\u00f3 a la Naci\u00f3n que haga respetar los tratados internacionales y que defina los l\u00edmites con el vecino pa\u00eds en la zona de conflicto.<\/p>\n\n\n\n<p>Tras la denuncia del gobernador provincial, Gustavo Vald\u00e9s, y a la espera del desembarco del canciller argentino, Santiago Cafiero, ayer en la sesi\u00f3n de marras, los legisladores de la C\u00e1mara Baja aprobaron una resoluci\u00f3n donde solicitaron al Poder Ejecutivo y legisladores nacionales que realicen las gestiones oficiales pertinentes, para que se respeten los tratados suscriptos con el Paraguay y los l\u00edmites establecidos por la Ley 770.<\/p>\n\n\n\n<p>Tambi\u00e9n solicitaron al Ministerio de Relaciones Exteriores y Culto de la Naci\u00f3n informe con exactitud el l\u00edmite entre Argentina y Paraguay en la zona de la Isla Apip\u00e9 y represa Yacyret\u00e1. Asimismo, pidieron el env\u00edo de las actuaciones existentes al Congreso de la Naci\u00f3n y que se eleve formalmente una protesta al Gobierno paraguayo.<\/p>\n\n\n\n<p>\u201cVinimos a decirle a cada uno de los vecinos de Apip\u00e9 que no est\u00e1n solos, que vamos a mantenernos firmes y unidos en el objetivo de garantizar, fundamentalmente, la libertad y la soberan\u00eda del pa\u00eds sobre esta isla y su r\u00edo. Nos sobran razones y amor por nuestro bendito suelo y cada uno de sus habitantes\u201d, dijo el presidente de la C\u00e1mara de Diputados, Pedro Cassani, en la d\u00e9cima sesi\u00f3n ordinaria desarrollada desde la escuela Escuela N\u00b0 599 Dr. Adolfo Contte, de San Antonio-Apip\u00e9 Grande.<\/p>\n\n\n\n<p>En la oportunidad, el periodista Cesar Mill\u00e1n, autor del libro Yacyret\u00e1 &#8211; Apip\u00e9 y los l\u00edmites, brind\u00f3 detalles de los errores y consecuencias que trajo aparejada la demarcaci\u00f3n de la jurisdicci\u00f3n con Paraguay a partir de la construcci\u00f3n de la represa, a modo de contextualizar la problem\u00e1tica.<\/p>\n\n\n\n<p>\u201cHace d\u00edas, tuve la oportunidad de leer el decreto de 1982, gracias a la desclasificaci\u00f3n del Gobierno\u2026 No dice absolutamente nada de los l\u00edmites. Habla de J\u00fapiter, despu\u00e9s de la esclusa, hasta Misiones\u2026 Es un dato preocupante, que la Prefectura se haya basado en una normativa y\/o datos que no existe\u201d, dijo el investigador para sugerir un di\u00e1logo entre ambos pa\u00edses.<\/p>\n\n\n\n<p>Coment\u00f3 tambi\u00e9n que el 20 de junio de 2005 se inaugur\u00f3 la bandera argentina en el acceso a Isla Apip\u00e9. \u201cRepresenta la soberan\u00eda\u201d, record\u00f3.<\/p>\n\n\n\n<p>Al encuentro asistieron el viceintendente Gustavo Figueredo (representando a la intendenta Candelaria Vargas que no pudo estar presente) y el jefe comunal de Ituzaing\u00f3 Juan Pablo Vald\u00e9s con sus respectivos gabinetes municipales, concejales de ambas localidades y vecinos de la zona, quienes agradecieron el gesto de elegir la isla para el \u201chist\u00f3rico\u201d encuentro.<\/p>\n","protected":false},"excerpt":{"rendered":"<p>En Isla Apip\u00e9, los legisladores de la C\u00e1mara Baja abordaron el incidente y solicitaron \u00a0que se respeten los tratados internacionales y remarcaron la necesidad de contar con\u00a0la delimitaci\u00f3n de la&hellip; <\/p>\n","protected":false},"author":4,"featured_media":71908,"comment_status":"closed","ping_status":"open","sticky":false,"template":"","format":"standard","meta":{"footnotes":""},"categories":[8],"tags":[],"class_list":["post-71907","post","type-post","status-publish","format-standard","has-post-thumbnail","hentry","category-locales"],"_links":{"self":[{"href":"https:\/\/corrientesdetarde.com\/index.php\/wp-json\/wp\/v2\/posts\/71907","targetHints":{"allow":["GET"]}}],"collection":[{"href":"https:\/\/corrientesdetarde.com\/index.php\/wp-json\/wp\/v2\/posts"}],"about":[{"href":"https:\/\/corrientesdetarde.com\/index.php\/wp-json\/wp\/v2\/types\/post"}],"author":[{"embeddable":true,"href":"https:\/\/corrientesdetarde.com\/index.php\/wp-json\/wp\/v2\/users\/4"}],"replies":[{"embeddable":true,"href":"https:\/\/corrientesdetarde.com\/index.php\/wp-json\/wp\/v2\/comments?post=71907"}],"version-history":[{"count":1,"href":"https:\/\/corrientesdetarde.com\/index.php\/wp-json\/wp\/v2\/posts\/71907\/revisions"}],"predecessor-version":[{"id":71909,"href":"https:\/\/corrientesdetarde.com\/index.php\/wp-json\/wp\/v2\/posts\/71907\/revisions\/71909"}],"wp:featuredmedia":[{"embeddable":true,"href":"https:\/\/corrientesdetarde.com\/index.php\/wp-json\/wp\/v2\/media\/71908"}],"wp:attachment":[{"href":"https:\/\/corrientesdetarde.com\/index.php\/wp-json\/wp\/v2\/media?parent=71907"}],"wp:term":[{"taxonomy":"category","embeddable":true,"href":"https:\/\/corrientesdetarde.com\/index.php\/wp-json\/wp\/v2\/categories?post=71907"},{"taxonomy":"post_tag","embeddable":true,"href":"https:\/\/corrientesdetarde.com\/index.php\/wp-json\/wp\/v2\/tags?post=71907"}],"curies":[{"name":"wp","href":"https:\/\/api.w.org\/{rel}","templated":true}]}}