{"id":71917,"date":"2023-07-06T08:46:52","date_gmt":"2023-07-06T11:46:52","guid":{"rendered":"https:\/\/corrientesdetarde.com\/?p=71917"},"modified":"2023-07-06T08:46:56","modified_gmt":"2023-07-06T11:46:56","slug":"en-una-escuela-de-corrientes-robaron-dos-veces-en-menos-de-una-semana","status":"publish","type":"post","link":"https:\/\/corrientesdetarde.com\/index.php\/policiales\/en-una-escuela-de-corrientes-robaron-dos-veces-en-menos-de-una-semana\/","title":{"rendered":"en una escuela de Corrientes, robaron dos veces, En menos de una semana"},"content":{"rendered":"\n<p>Delincuentes se tomaron su tiempo para llevarse elementos del patio y de la entrada de un jard\u00edn. Robaron y dejaron los cables con cintas aisladoras. Vale recordar que el pasado 30 de junio, en la Escuela N\u00b0956 &#8220;Medalla Milagrosa&#8221;, al costado del jard\u00edn violentado ayer, encontraron destrozos en el interior de los salones.<\/p>\n\n\n\n<p>Esta vez, los damnificados fueron los chicos que concurren a la Escuela Jard\u00edn JIN N\u00b028 &#8220;\u00d1embe&#8221; del barrio Fray Jos\u00e9 de la Quintana, ubicada al costado de la Escuela N\u00b0956 &#8220;Medalla Milagrosa&#8221; que sufri\u00f3 un robo hace cinco d\u00edas atr\u00e1s. En la oportunidad fueron focos y jirafas en que tuvieron tiempo para desatornillar uno por uno los objetos y dejar los cables con cintas aisladoras. Directivos de la instituci\u00f3n se percataron del hecho cuando se dispon\u00edan a colocar aires acondicionados donados.<\/p>\n\n\n\n<p>&#8220;Est\u00e1bamos instalando los aires y nos dimos cuenta de que se llevaron la jirafa. Esto ya es preocupante porque es tierra de nadie. La Polic\u00eda nos dio un compromiso d\u00edas atr\u00e1s de que estar\u00eda rondando la zona&#8221;, dijo uno de los directivos del jard\u00edn de infantes.<\/p>\n\n\n\n<p>&#8220;No arrancaron nada, pero destornillaron todo. Subieron al techo para llegar hasta ah\u00ed y a los cables les pusieron cintas aisladoras. Juegan por su casa y con la Polic\u00eda&#8221;, agreg\u00f3 la docente indignada.<\/p>\n\n\n\n<p>&#8220;La vez anterior, hace cinco d\u00edas, cuando robaron en la escuela primaria (al costado del jardincito) se llevaron el foco que estaba en el fondo y ahora la farola completa&#8221;, asegur\u00f3.<\/p>\n\n\n\n<p>Vale se\u00f1alar que en las inmediaciones de la escuela hay una obra en construcci\u00f3n y que cuenta con serenos, pero al perecer el hombre no escuch\u00f3 ni vio personas extra\u00f1as en la instituci\u00f3n, se\u00f1alaron a este medio vecinos del lugar.<\/p>\n\n\n\n<p><strong>En menos de una semana<\/strong><br>&nbsp;<\/p>\n\n\n\n<p>Vale recordar que el pasado 30 de junio, en la Escuela N\u00b0956 &#8220;Medalla Milagrosa&#8221;, al costado del jard\u00edn violentado ayer, encontraron destrozos en el interior de los salones.<\/p>\n\n\n\n<p>Notaron despu\u00e9s que de los aires acondicionados sustrajeron los tubos de cobre. Rompieron mobiliarios y se llevaron, adem\u00e1s, juegos did\u00e1cticos tal como se inform\u00f3 en este matutino.<\/p>\n\n\n\n<p>&#8220;Estamos todos enrejados, pero de todas formas rompieron las rejas e ingresaron. En esta ocasi\u00f3n entraron por la puerta de uno de los salones que da al patio, despu\u00e9s forzaron los accesos a los salones&#8221;, coment\u00f3 en la oportunidad Ana Campos, directora de la escuela quien se mostr\u00f3 preocupada por la inseguridad en el barrio.<\/p>\n\n\n\n<p>Al lugar hab\u00eda llegado la Polic\u00eda, se realizaron los peritajes respectivos, pero hasta el cierre de esta edici\u00f3n no hubo novedades de los elementos sustra\u00eddos como tampoco de los posibles autores de los delitos.<\/p>\n\n\n\n<p>Se realizaron una vez m\u00e1s actuaciones del caso en la comisar\u00eda de la jurisdicci\u00f3n.<\/p>\n","protected":false},"excerpt":{"rendered":"<p>Delincuentes se tomaron su tiempo para llevarse elementos del patio y de la entrada de un jard\u00edn. Robaron y dejaron los cables con cintas aisladoras. Vale recordar que el pasado&hellip; <\/p>\n","protected":false},"author":4,"featured_media":71918,"comment_status":"closed","ping_status":"open","sticky":false,"template":"","format":"standard","meta":{"footnotes":""},"categories":[33],"tags":[],"class_list":["post-71917","post","type-post","status-publish","format-standard","has-post-thumbnail","hentry","category-policiales"],"_links":{"self":[{"href":"https:\/\/corrientesdetarde.com\/index.php\/wp-json\/wp\/v2\/posts\/71917","targetHints":{"allow":["GET"]}}],"collection":[{"href":"https:\/\/corrientesdetarde.com\/index.php\/wp-json\/wp\/v2\/posts"}],"about":[{"href":"https:\/\/corrientesdetarde.com\/index.php\/wp-json\/wp\/v2\/types\/post"}],"author":[{"embeddable":true,"href":"https:\/\/corrientesdetarde.com\/index.php\/wp-json\/wp\/v2\/users\/4"}],"replies":[{"embeddable":true,"href":"https:\/\/corrientesdetarde.com\/index.php\/wp-json\/wp\/v2\/comments?post=71917"}],"version-history":[{"count":1,"href":"https:\/\/corrientesdetarde.com\/index.php\/wp-json\/wp\/v2\/posts\/71917\/revisions"}],"predecessor-version":[{"id":71919,"href":"https:\/\/corrientesdetarde.com\/index.php\/wp-json\/wp\/v2\/posts\/71917\/revisions\/71919"}],"wp:featuredmedia":[{"embeddable":true,"href":"https:\/\/corrientesdetarde.com\/index.php\/wp-json\/wp\/v2\/media\/71918"}],"wp:attachment":[{"href":"https:\/\/corrientesdetarde.com\/index.php\/wp-json\/wp\/v2\/media?parent=71917"}],"wp:term":[{"taxonomy":"category","embeddable":true,"href":"https:\/\/corrientesdetarde.com\/index.php\/wp-json\/wp\/v2\/categories?post=71917"},{"taxonomy":"post_tag","embeddable":true,"href":"https:\/\/corrientesdetarde.com\/index.php\/wp-json\/wp\/v2\/tags?post=71917"}],"curies":[{"name":"wp","href":"https:\/\/api.w.org\/{rel}","templated":true}]}}