{"id":71920,"date":"2023-07-06T09:16:34","date_gmt":"2023-07-06T12:16:34","guid":{"rendered":"https:\/\/corrientesdetarde.com\/?p=71920"},"modified":"2023-07-06T09:16:36","modified_gmt":"2023-07-06T12:16:36","slug":"massa-anuncio-inversiones-de-gas-natural-para-neuquen-por-900-millones","status":"publish","type":"post","link":"https:\/\/corrientesdetarde.com\/index.php\/economia\/massa-anuncio-inversiones-de-gas-natural-para-neuquen-por-900-millones\/","title":{"rendered":"Massa anunci\u00f3 inversiones de gas natural para Neuqu\u00e9n por $900 millones"},"content":{"rendered":"\n<p>El ministro de Econom\u00eda firm\u00f3 un convenio para el abastecimiento de la localidad de A\u00f1elo, a la que se\u00f1al\u00f3 como capital \u201csimb\u00f3lica\u201d de Vaca Muerta.<\/p>\n\n\n\n<p>El ministro de Econom\u00eda,\u00a0<strong>Sergio Massa<\/strong>, encabez\u00f3 hoy la firma de una serie de convenios de inversiones de gas natural para la localidad de A\u00f1elo, en Neuqu\u00e9n.<\/p>\n\n\n\n<p>El proyecto<strong>&nbsp;permitir\u00e1 abastecer de gas a la ciudad de A\u00f1elo y requerir\u00e1 una inversi\u00f3n de m\u00e1s de $ 900 millones.<\/strong><\/p>\n\n\n\n<p>Del encuentro participaron el gobernador saliente de Neuqu\u00e9n,&nbsp;<strong>Omar Guti\u00e9rrez<\/strong>; el gobernador electo,&nbsp;<strong>Rolando Figueroa<\/strong>; y la Secretaria de Energ\u00eda,&nbsp;<strong>Flavia Roy\u00f3n<\/strong>.<\/p>\n\n\n\n<p>Massa celebr\u00f3 el acuerdo e indic\u00f3 que \u201c<strong>A\u00f1elo es simb\u00f3licamente la capital de Vaca Muerta<\/strong>, en la que de manera absurda no hab\u00eda gas natural. Con esta obra, curamos una herida que permite que los trabajadores de Vaca Muerta, adem\u00e1s de lograr que el gas llegue a todo el pa\u00eds, tengan su propia red de gas y puedan calefaccionarse y tener energ\u00eda al momento de llevar su tarea dom\u00e9stica despu\u00e9s de un largo d\u00eda de trabajo\u201d.<\/p>\n\n\n\n<p>Asimismo,&nbsp;<strong>destac\u00f3 la proximidad de la inauguraci\u00f3n del Gasoducto Presidente N\u00e9stor Kirchner<\/strong>&nbsp;(GPNK),&nbsp;<strong>prevista para el pr\u00f3ximo 9 de julio<\/strong>, que proveer\u00e1 gas argentino a todo el pa\u00eds, a las industrias con precios m\u00e1s competitivos y representar\u00e1 un cambio positivo en la matriz energ\u00e9tica del pa\u00eds.<\/p>\n\n\n\n<p>\u201cDe esta manera,&nbsp;<strong>resolvemos un problema que es clave para seguir desarrollando el complejo Vaca Muerta<\/strong>&nbsp;con buena calidad de servicio para los trabajadores que van a dar gas a todos los argentinos y que esperamos que muy pronto nos permita&nbsp;<strong>exportar gas a la regi\u00f3n y al mundo<\/strong>\u201d, a\u00f1adi\u00f3 el ministro.<\/p>\n\n\n\n<p>En la misma l\u00ednea, el gobernador Guti\u00e9rrez remarc\u00f3 que la obra&nbsp;<strong>\u201cbeneficiar\u00e1 a m\u00e1s de 430 familias, generar\u00e1 empleo, compra local y llegar\u00e1 con el propio gas de Vaca Muerta a la comunidad local\u201d.<\/strong><\/p>\n\n\n\n<p>Finalmente, el titular del Palacio de Hacienda se\u00f1al\u00f3 que estos convenios representan \u201cun acto de justicia en t\u00e9rminos de servicio e infraestructura porque&nbsp;<strong>Vaca muerta es de todos los argentinos\u201d.<\/strong><\/p>\n\n\n\n<p>A\u00f1elo ya cuenta con una obra en marcha que la Secretar\u00eda de Energ\u00eda acord\u00f3, a trav\u00e9s de un convenio en noviembre de 2022. La obra contempla&nbsp;<strong>la ampliaci\u00f3n de la red de gas del barrio Balc\u00f3n,&nbsp;<\/strong>una zona que ha asistido a un acelerado crecimiento demogr\u00e1fico en virtud de su cercan\u00eda con la formaci\u00f3n no convencional Vaca Muerta.<\/p>\n\n\n\n<p>Asimismo, Flavia Royon, Secretaria de Energ\u00eda indic\u00f3: \u201cVaca Muerta tiene que servir para&nbsp;<strong>mejorar la calidad de vida de todas las argentinas y argentinos<\/strong>, pero principalmente para aquellas comunidades que est\u00e1n en el primer anillo de influencia\u201d, y a\u00f1adi\u00f3: \u201cEs por eso que, desde el Gobierno nacional, tomamos la decisi\u00f3n de financiar las obras de gas natural de la localidad de A\u00f1elo\u201d.<\/p>\n\n\n\n<p><strong>Se estima que la construcci\u00f3n de la red de gas natural se llevar\u00e1 a cabo en un plazo de nueve meses.<\/strong>&nbsp;La provincia de Neuqu\u00e9n ser\u00e1 responsable de la planificaci\u00f3n, ejecuci\u00f3n y puesta en marcha de las tareas necesarias para concretar la misma y realizar los procesos licitatorios pertinentes.<\/p>\n","protected":false},"excerpt":{"rendered":"<p>El ministro de Econom\u00eda firm\u00f3 un convenio para el abastecimiento de la localidad de A\u00f1elo, a la que se\u00f1al\u00f3 como capital \u201csimb\u00f3lica\u201d de Vaca Muerta. El ministro de Econom\u00eda,\u00a0Sergio Massa,&hellip; <\/p>\n","protected":false},"author":4,"featured_media":71923,"comment_status":"closed","ping_status":"open","sticky":false,"template":"","format":"standard","meta":{"footnotes":""},"categories":[20],"tags":[],"class_list":["post-71920","post","type-post","status-publish","format-standard","has-post-thumbnail","hentry","category-economia"],"_links":{"self":[{"href":"https:\/\/corrientesdetarde.com\/index.php\/wp-json\/wp\/v2\/posts\/71920","targetHints":{"allow":["GET"]}}],"collection":[{"href":"https:\/\/corrientesdetarde.com\/index.php\/wp-json\/wp\/v2\/posts"}],"about":[{"href":"https:\/\/corrientesdetarde.com\/index.php\/wp-json\/wp\/v2\/types\/post"}],"author":[{"embeddable":true,"href":"https:\/\/corrientesdetarde.com\/index.php\/wp-json\/wp\/v2\/users\/4"}],"replies":[{"embeddable":true,"href":"https:\/\/corrientesdetarde.com\/index.php\/wp-json\/wp\/v2\/comments?post=71920"}],"version-history":[{"count":1,"href":"https:\/\/corrientesdetarde.com\/index.php\/wp-json\/wp\/v2\/posts\/71920\/revisions"}],"predecessor-version":[{"id":71924,"href":"https:\/\/corrientesdetarde.com\/index.php\/wp-json\/wp\/v2\/posts\/71920\/revisions\/71924"}],"wp:featuredmedia":[{"embeddable":true,"href":"https:\/\/corrientesdetarde.com\/index.php\/wp-json\/wp\/v2\/media\/71923"}],"wp:attachment":[{"href":"https:\/\/corrientesdetarde.com\/index.php\/wp-json\/wp\/v2\/media?parent=71920"}],"wp:term":[{"taxonomy":"category","embeddable":true,"href":"https:\/\/corrientesdetarde.com\/index.php\/wp-json\/wp\/v2\/categories?post=71920"},{"taxonomy":"post_tag","embeddable":true,"href":"https:\/\/corrientesdetarde.com\/index.php\/wp-json\/wp\/v2\/tags?post=71920"}],"curies":[{"name":"wp","href":"https:\/\/api.w.org\/{rel}","templated":true}]}}