{"id":71925,"date":"2023-07-06T09:21:50","date_gmt":"2023-07-06T12:21:50","guid":{"rendered":"https:\/\/corrientesdetarde.com\/?p=71925"},"modified":"2023-07-06T09:21:52","modified_gmt":"2023-07-06T12:21:52","slug":"desarrollo-social-entrego-herramientas-e-insumos-a-organizaciones-sociales","status":"publish","type":"post","link":"https:\/\/corrientesdetarde.com\/index.php\/sociales\/desarrollo-social-entrego-herramientas-e-insumos-a-organizaciones-sociales\/","title":{"rendered":"Desarrollo Social entreg\u00f3 herramientas e insumos a organizaciones sociales"},"content":{"rendered":"\n<p>El Ministerio de Desarrollo Social de la Provincia realiz\u00f3 este mi\u00e9rcoles la entrega de herramientas e insumos a organizaciones sociales, para fortalecer a las unidades productivas hort\u00edcolas. La entrega tuvo lugar en un acto que se llev\u00f3 a cabo en la sede de dicha cartera, en el barrio Apip\u00e9 de la ciudad de Corrientes.<\/p>\n\n\n\n<figure class=\"wp-block-image size-large\"><img loading=\"lazy\" decoding=\"async\" width=\"1024\" height=\"768\" src=\"https:\/\/corrientesdetarde.com\/wp-content\/uploads\/2023\/07\/Captura-de-pantalla-2023-07-06-091732-1024x768.png\" alt=\"\" class=\"wp-image-71927\" srcset=\"https:\/\/corrientesdetarde.com\/wp-content\/uploads\/2023\/07\/Captura-de-pantalla-2023-07-06-091732-1024x768.png 1024w, https:\/\/corrientesdetarde.com\/wp-content\/uploads\/2023\/07\/Captura-de-pantalla-2023-07-06-091732-300x225.png 300w, https:\/\/corrientesdetarde.com\/wp-content\/uploads\/2023\/07\/Captura-de-pantalla-2023-07-06-091732-768x576.png 768w, https:\/\/corrientesdetarde.com\/wp-content\/uploads\/2023\/07\/Captura-de-pantalla-2023-07-06-091732.png 1230w\" sizes=\"auto, (max-width: 1024px) 100vw, 1024px\" \/><\/figure>\n\n\n\n<p>El acto estuvo encabezado por el director general de Econom\u00eda y Acci\u00f3n Social, Diego Medina; y\u00a0la coordinadora del Programa Abordaje a Unidades Productivas de Organizaciones Sociales, Maira Brest. Las organizaciones que recibieron las herramientas e insumos fueron Somos Barrios de Pie, Movimiento Evita, Polo Obrero, Federaci\u00f3n de Organizaciones de Base (FOB), Movimiento Independiente de Justicia y Dignidad (MIJD), Frente Social Nueva Independencia, Movimiento de Trabajadores Excluidos (MTE), Movimiento Octubres, Conciencia Popular, Libres Del Sur, Izquierda Americana, Dar\u00edo Santill\u00e1n, Movimiento Barrial En Lucha.<\/p>\n\n\n\n<figure class=\"wp-block-image size-large\"><img loading=\"lazy\" decoding=\"async\" width=\"1024\" height=\"760\" src=\"https:\/\/corrientesdetarde.com\/wp-content\/uploads\/2023\/07\/Captura-de-pantalla-2023-07-06-091720-1024x760.png\" alt=\"\" class=\"wp-image-71926\" srcset=\"https:\/\/corrientesdetarde.com\/wp-content\/uploads\/2023\/07\/Captura-de-pantalla-2023-07-06-091720-1024x760.png 1024w, https:\/\/corrientesdetarde.com\/wp-content\/uploads\/2023\/07\/Captura-de-pantalla-2023-07-06-091720-300x223.png 300w, https:\/\/corrientesdetarde.com\/wp-content\/uploads\/2023\/07\/Captura-de-pantalla-2023-07-06-091720-768x570.png 768w, https:\/\/corrientesdetarde.com\/wp-content\/uploads\/2023\/07\/Captura-de-pantalla-2023-07-06-091720.png 1223w\" sizes=\"auto, (max-width: 1024px) 100vw, 1024px\" \/><\/figure>\n\n\n\n<p>De esta manera, se entregaron kits de herramientas, rollos para coberturas y semillas de estaci\u00f3n, para las unidades productivas hort\u00edcolas que vienen trabajando en convenio con el Programa Municipal &#8220;\u00d1ande Huerta&#8221;, a cargo de la Direci\u00f3n de Agricultura Periurbana de la ciudad de Corrientes, cuya titular es Vanesa Mierke. &#8220;Queremos que el trabajo con las herramientas que nosotros les proporcionamos se vea reflejado en su comunidad o en su organizaci\u00f3n, el fortalecimiento va a estar siempre presente en la medida en que las organizaciones demuestren compromiso&#8221;, expres\u00f3 por su parte Diego Medina.<\/p>\n","protected":false},"excerpt":{"rendered":"<p>El Ministerio de Desarrollo Social de la Provincia realiz\u00f3 este mi\u00e9rcoles la entrega de herramientas e insumos a organizaciones sociales, para fortalecer a las unidades productivas hort\u00edcolas. La entrega tuvo&hellip; <\/p>\n","protected":false},"author":4,"featured_media":71928,"comment_status":"closed","ping_status":"open","sticky":false,"template":"","format":"standard","meta":{"footnotes":""},"categories":[17],"tags":[],"class_list":["post-71925","post","type-post","status-publish","format-standard","has-post-thumbnail","hentry","category-sociales"],"_links":{"self":[{"href":"https:\/\/corrientesdetarde.com\/index.php\/wp-json\/wp\/v2\/posts\/71925","targetHints":{"allow":["GET"]}}],"collection":[{"href":"https:\/\/corrientesdetarde.com\/index.php\/wp-json\/wp\/v2\/posts"}],"about":[{"href":"https:\/\/corrientesdetarde.com\/index.php\/wp-json\/wp\/v2\/types\/post"}],"author":[{"embeddable":true,"href":"https:\/\/corrientesdetarde.com\/index.php\/wp-json\/wp\/v2\/users\/4"}],"replies":[{"embeddable":true,"href":"https:\/\/corrientesdetarde.com\/index.php\/wp-json\/wp\/v2\/comments?post=71925"}],"version-history":[{"count":1,"href":"https:\/\/corrientesdetarde.com\/index.php\/wp-json\/wp\/v2\/posts\/71925\/revisions"}],"predecessor-version":[{"id":71929,"href":"https:\/\/corrientesdetarde.com\/index.php\/wp-json\/wp\/v2\/posts\/71925\/revisions\/71929"}],"wp:featuredmedia":[{"embeddable":true,"href":"https:\/\/corrientesdetarde.com\/index.php\/wp-json\/wp\/v2\/media\/71928"}],"wp:attachment":[{"href":"https:\/\/corrientesdetarde.com\/index.php\/wp-json\/wp\/v2\/media?parent=71925"}],"wp:term":[{"taxonomy":"category","embeddable":true,"href":"https:\/\/corrientesdetarde.com\/index.php\/wp-json\/wp\/v2\/categories?post=71925"},{"taxonomy":"post_tag","embeddable":true,"href":"https:\/\/corrientesdetarde.com\/index.php\/wp-json\/wp\/v2\/tags?post=71925"}],"curies":[{"name":"wp","href":"https:\/\/api.w.org\/{rel}","templated":true}]}}