{"id":71930,"date":"2023-07-06T09:35:28","date_gmt":"2023-07-06T12:35:28","guid":{"rendered":"https:\/\/corrientesdetarde.com\/?p=71930"},"modified":"2023-07-06T09:35:58","modified_gmt":"2023-07-06T12:35:58","slug":"valdes-sello-su-compromiso-con-losada-para-unir-corrientes-y-santa-fe","status":"publish","type":"post","link":"https:\/\/corrientesdetarde.com\/index.php\/politica\/valdes-sello-su-compromiso-con-losada-para-unir-corrientes-y-santa-fe\/","title":{"rendered":"Vald\u00e9s sell\u00f3 su compromiso con Losada para unir Corrientes y Santa Fe"},"content":{"rendered":"\n<p>El gobernador de Corrientes, Gustavo Vald\u00e9s acompa\u00f1\u00f3 este mi\u00e9rcoles a la noche a la senadora nacional y precandidata a gobernadora de Santa Fe, Carolina Losada, en un acto de campa\u00f1a que tuvo lugar en la ciudad de Reconquista. All\u00ed, el mandatario correntino sostuvo que &#8220;los pueblos del norte tenemos que enviar un mensaje de unidad a la Naci\u00f3n porque queremos un verdadero federalismo&#8221;. Fue el corolario de una jornada que ambos compartieron en la vecina provincia, recorriendo tambi\u00e9n las localidades de Avellaneda y Villa Ocampo.<\/p>\n\n\n\n<p>Las elecciones primarias santafesinas ser\u00e1n este 16 de julio y en la recta final de la respectiva campa\u00f1a, Vald\u00e9s ratific\u00f3 su apoyo a Losada durante este mi\u00e9rcoles. As\u00ed es que primeramente visit\u00f3 el Parque Industrial de Avellaneda, luego ofrecieron una conferencia de prensa en Villa Ocampo y culminaron en el Club Platense Porvenir de Reconquista con un acto de campa\u00f1a. &#8220;Caro va a ser la primera y pr\u00f3xima gobernadora porque es una persona comprometida con su provincia, que se involucr\u00f3 para cambiar el futuro de todos los santafesinos.&#8221;, areng\u00f3 en la ocasi\u00f3n.<\/p>\n\n\n\n<figure class=\"wp-block-image size-large\"><img loading=\"lazy\" decoding=\"async\" width=\"1024\" height=\"672\" src=\"https:\/\/corrientesdetarde.com\/wp-content\/uploads\/2023\/07\/Captura-de-pantalla-2023-07-06-093019-1024x672.png\" alt=\"\" class=\"wp-image-71932\" srcset=\"https:\/\/corrientesdetarde.com\/wp-content\/uploads\/2023\/07\/Captura-de-pantalla-2023-07-06-093019-1024x672.png 1024w, https:\/\/corrientesdetarde.com\/wp-content\/uploads\/2023\/07\/Captura-de-pantalla-2023-07-06-093019-300x197.png 300w, https:\/\/corrientesdetarde.com\/wp-content\/uploads\/2023\/07\/Captura-de-pantalla-2023-07-06-093019-768x504.png 768w, https:\/\/corrientesdetarde.com\/wp-content\/uploads\/2023\/07\/Captura-de-pantalla-2023-07-06-093019.png 1380w\" sizes=\"auto, (max-width: 1024px) 100vw, 1024px\" \/><\/figure>\n\n\n\n<p>Luego plante\u00f3: &#8220;Tenemos que convertir al majestuoso R\u00edo Paran\u00e1 en la causa de nuestra uni\u00f3n. Los pueblos del norte tenemos que enviar un mensaje de unidad a la naci\u00f3n porque queremos un verdadero federalismo, con m\u00e1s igualdad para poder vivir y desarrollarnos en nuestra tierra.&#8221;.<\/p>\n\n\n\n<p>Y consider\u00f3 que &#8220;las elecciones internas son importantes, por eso tenemos que convocar a los radicales santafesinos, a los del pro, socialistas, a todos los partidos pol\u00edticos que integran la alianza para acompa\u00f1ar a Carolina.&nbsp;Como en San Luis y San Juan vamos a ganar Santa Fe, Entre R\u00edos y Chaco para transformar definitivamente el norte de la Argentina. \u00a1Ese tiene que ser el objetivo!&#8221;.<\/p>\n\n\n\n<p>Agreg\u00f3 que &#8220;despu\u00e9s de tantos a\u00f1os de abandono y olvido, con transparencia, sentido com\u00fan y coraje, los santafesinos tienen que hacer posible esa reparaci\u00f3n hist\u00f3rica para todo el norte de la provincia.&nbsp;El 16 julio Santa Fe tiene la posibilidad de empezar a cambiar el rumbo. \u00a1Fuerzas y ganar con Carolina Losada&#8221;.<\/p>\n\n\n\n<p>Cabe se\u00f1alar que la senadora nacional es precandidata a gobernadora por la lista &#8220;Es con vos&#8221; dentro de la alianza Juntos por el Cambio y compite internamente con&nbsp;Maximiliano Pullaro, a quien Losada cuestiona fuertemente por su desempe\u00f1o como ministro de Seguridad de la provincia durante la gobernaci\u00f3n de&nbsp;Miguel Lifschitz. Quienes resulten electos como candidatos en las distintas alianzas, competir\u00e1n luego en elecciones generales el 10 de septiembre para definir qui\u00e9n gobernar\u00e1 la provincia de Santa Fe.<\/p>\n","protected":false},"excerpt":{"rendered":"<p>El gobernador de Corrientes, Gustavo Vald\u00e9s acompa\u00f1\u00f3 este mi\u00e9rcoles a la noche a la senadora nacional y precandidata a gobernadora de Santa Fe, Carolina Losada, en un acto de campa\u00f1a&hellip; <\/p>\n","protected":false},"author":4,"featured_media":71931,"comment_status":"closed","ping_status":"open","sticky":false,"template":"","format":"standard","meta":{"footnotes":""},"categories":[3],"tags":[],"class_list":["post-71930","post","type-post","status-publish","format-standard","has-post-thumbnail","hentry","category-politica"],"_links":{"self":[{"href":"https:\/\/corrientesdetarde.com\/index.php\/wp-json\/wp\/v2\/posts\/71930","targetHints":{"allow":["GET"]}}],"collection":[{"href":"https:\/\/corrientesdetarde.com\/index.php\/wp-json\/wp\/v2\/posts"}],"about":[{"href":"https:\/\/corrientesdetarde.com\/index.php\/wp-json\/wp\/v2\/types\/post"}],"author":[{"embeddable":true,"href":"https:\/\/corrientesdetarde.com\/index.php\/wp-json\/wp\/v2\/users\/4"}],"replies":[{"embeddable":true,"href":"https:\/\/corrientesdetarde.com\/index.php\/wp-json\/wp\/v2\/comments?post=71930"}],"version-history":[{"count":1,"href":"https:\/\/corrientesdetarde.com\/index.php\/wp-json\/wp\/v2\/posts\/71930\/revisions"}],"predecessor-version":[{"id":71933,"href":"https:\/\/corrientesdetarde.com\/index.php\/wp-json\/wp\/v2\/posts\/71930\/revisions\/71933"}],"wp:featuredmedia":[{"embeddable":true,"href":"https:\/\/corrientesdetarde.com\/index.php\/wp-json\/wp\/v2\/media\/71931"}],"wp:attachment":[{"href":"https:\/\/corrientesdetarde.com\/index.php\/wp-json\/wp\/v2\/media?parent=71930"}],"wp:term":[{"taxonomy":"category","embeddable":true,"href":"https:\/\/corrientesdetarde.com\/index.php\/wp-json\/wp\/v2\/categories?post=71930"},{"taxonomy":"post_tag","embeddable":true,"href":"https:\/\/corrientesdetarde.com\/index.php\/wp-json\/wp\/v2\/tags?post=71930"}],"curies":[{"name":"wp","href":"https:\/\/api.w.org\/{rel}","templated":true}]}}