{"id":71940,"date":"2023-07-06T09:48:38","date_gmt":"2023-07-06T12:48:38","guid":{"rendered":"https:\/\/corrientesdetarde.com\/?p=71940"},"modified":"2023-07-06T09:48:43","modified_gmt":"2023-07-06T12:48:43","slug":"se-salio-una-rueda-de-la-bicicleta-y-lo-atraparon","status":"publish","type":"post","link":"https:\/\/corrientesdetarde.com\/index.php\/policiales\/se-salio-una-rueda-de-la-bicicleta-y-lo-atraparon\/","title":{"rendered":"Se sali\u00f3 una rueda de la bicicleta y lo atraparon"},"content":{"rendered":"\n<p>Un delincuente corri\u00f3 con muy mala suerte luego de robar una bicicleta de alta gama de una vivienda en el barrio Camb\u00e1 Cu\u00e1 y pretender huir con ella.<\/p>\n\n\n\n<p>&nbsp;A pocas cuadras, y luego de la sustracci\u00f3n del rodado, sufri\u00f3 un percance ya que la rueda trasera del biciclo se sali\u00f3 y cuando intentaba repararla para continuar su fuga, lo sorprendi\u00f3 la Polic\u00eda y termin\u00f3 tras las rejas.<\/p>\n\n\n\n<p>Todo sucedi\u00f3 alrededor de las 2:50 de ayer, cuando el 911 alert\u00f3 sobre el robo de una bicicleta SLP de color negro con detalles rojos que hab\u00eda sido robada de un departamento ubicado por calle Chaco y Bol\u00edvar.<\/p>\n\n\n\n<figure class=\"wp-block-image\"><img decoding=\"async\" src=\"https:\/\/www.diarioepoca.com\/content\/bucket\/0\/1306710w380h228c.jpg.webp\" alt=\"\"\/><\/figure>\n\n\n\n<p>Con la informaci\u00f3n en su poder, los efectivos realizaron un patrullaje por inmediaciones de las calles El\u00edas Abad y General Paz, cuando se toparon con un cuadro inesperado. Un sujeto estaba tratando de colocar la rueda trasera de una bicicleta de similares caracter\u00edsticas a la robada recientemente. Cuando le preguntaron por el rodado, no supo explicar de d\u00f3nde lo hab\u00eda sacado y qued\u00f3 detenido de inmediato. Se trata de un joven de 18 a\u00f1os identificado como Jerem\u00edas Ezequiel V., quien fue trasladado a la Comisar\u00eda Primera.<\/p>\n","protected":false},"excerpt":{"rendered":"<p>Un delincuente corri\u00f3 con muy mala suerte luego de robar una bicicleta de alta gama de una vivienda en el barrio Camb\u00e1 Cu\u00e1 y pretender huir con ella. &nbsp;A pocas&hellip; <\/p>\n","protected":false},"author":4,"featured_media":71941,"comment_status":"closed","ping_status":"open","sticky":false,"template":"","format":"standard","meta":{"footnotes":""},"categories":[33],"tags":[],"class_list":["post-71940","post","type-post","status-publish","format-standard","has-post-thumbnail","hentry","category-policiales"],"_links":{"self":[{"href":"https:\/\/corrientesdetarde.com\/index.php\/wp-json\/wp\/v2\/posts\/71940","targetHints":{"allow":["GET"]}}],"collection":[{"href":"https:\/\/corrientesdetarde.com\/index.php\/wp-json\/wp\/v2\/posts"}],"about":[{"href":"https:\/\/corrientesdetarde.com\/index.php\/wp-json\/wp\/v2\/types\/post"}],"author":[{"embeddable":true,"href":"https:\/\/corrientesdetarde.com\/index.php\/wp-json\/wp\/v2\/users\/4"}],"replies":[{"embeddable":true,"href":"https:\/\/corrientesdetarde.com\/index.php\/wp-json\/wp\/v2\/comments?post=71940"}],"version-history":[{"count":1,"href":"https:\/\/corrientesdetarde.com\/index.php\/wp-json\/wp\/v2\/posts\/71940\/revisions"}],"predecessor-version":[{"id":71942,"href":"https:\/\/corrientesdetarde.com\/index.php\/wp-json\/wp\/v2\/posts\/71940\/revisions\/71942"}],"wp:featuredmedia":[{"embeddable":true,"href":"https:\/\/corrientesdetarde.com\/index.php\/wp-json\/wp\/v2\/media\/71941"}],"wp:attachment":[{"href":"https:\/\/corrientesdetarde.com\/index.php\/wp-json\/wp\/v2\/media?parent=71940"}],"wp:term":[{"taxonomy":"category","embeddable":true,"href":"https:\/\/corrientesdetarde.com\/index.php\/wp-json\/wp\/v2\/categories?post=71940"},{"taxonomy":"post_tag","embeddable":true,"href":"https:\/\/corrientesdetarde.com\/index.php\/wp-json\/wp\/v2\/tags?post=71940"}],"curies":[{"name":"wp","href":"https:\/\/api.w.org\/{rel}","templated":true}]}}