{"id":71943,"date":"2023-07-06T10:06:11","date_gmt":"2023-07-06T13:06:11","guid":{"rendered":"https:\/\/corrientesdetarde.com\/?p=71943"},"modified":"2023-07-06T10:06:14","modified_gmt":"2023-07-06T13:06:14","slug":"el-sector-automotriz-cerro-un-primer-semestre-con-numeros-positivos-en-produccion-venta-y-exportaciones","status":"publish","type":"post","link":"https:\/\/corrientesdetarde.com\/index.php\/economia\/el-sector-automotriz-cerro-un-primer-semestre-con-numeros-positivos-en-produccion-venta-y-exportaciones\/","title":{"rendered":"El sector automotriz cerr\u00f3 un primer semestre con n\u00fameros positivos en producci\u00f3n, venta y exportaciones"},"content":{"rendered":"\n<p>Si bien en mayo la exportaciones cayeron de manera significativa por temas de log\u00edstica y fletes,\u00a0 el sector aument\u00f3 m\u00e1s del 20% la producci\u00f3n de autom\u00f3viles y\u00a0 un 8,6% las exportaciones, en la primera parte del a\u00f1o, inform\u00f3 ADEFA.<\/p>\n\n\n\n<p>El\u00a0sector automotriz\u00a0<strong>cerr\u00f3 un muy positivo primer semestre<\/strong>, inform\u00f3 la Asociaci\u00f3n de F\u00e1bricas de Automotores<strong>\u00a0(ADEFA)<\/strong>.<\/p>\n\n\n\n<p>En el acumulado del primer semestre el sector produjo<strong>&nbsp;295.777 veh\u00edculos de pasajeros y utilitarios, es decir, un 21,4%<\/strong>&nbsp;<strong>m\u00e1s<\/strong>&nbsp;respecto de las 243.698 unidades que se produjeron en el mismo per\u00edodo de 2022.<\/p>\n\n\n\n<p>En lo que respecta al&nbsp;<strong>comercio exterior,&nbsp; las exportaciones<\/strong>&nbsp;de autom\u00f3viles de los primeros seis meses del a\u00f1o&nbsp;<strong>alcanzaron las 152.044 unidades, un 8,6% m\u00e1s<\/strong>&nbsp;respecto de las 140.049 unidades que se enviaron a diversos mercados entre enero y junio de 2022.<\/p>\n\n\n\n<p>En tanto, que entre enero y junio se comercializaron a los concesionarios un total de 206.861 unidades, un 14,1% por sobre las 181.233 unidades que se entregaron en el mismo per\u00edodo del a\u00f1o pasado.<\/p>\n\n\n\n<p><strong>Martin Galdeano<\/strong>, presidente de ADEFA, sostuvo que&nbsp;<em>\u201cal cierre del primer semestre el sector muestra un crecimiento acumulado del 21,4% y 8,6% en producci\u00f3n y exportaci\u00f3n, respectivamente. Este comportamiento,&nbsp;<strong>nos impulsa a reforzar el trabajo conjunto con la Cadena de Valor y el Gobierno para enfrentar los desaf\u00edos coyunturales que aseguren la tendencia de crecimiento mostrado en el primer semestre\u201d.<\/strong><\/em><\/p>\n\n\n\n<h2 class=\"wp-block-heading\">Junio<\/h2>\n\n\n\n<p>Con 20 d\u00edas h\u00e1biles de actividad, las terminales automotrices produjeron&nbsp;&nbsp;<strong>53.522 unidades, 10,6% por sobre el volumen de junio 2022<\/strong>&nbsp;y un 0,5% m\u00e1s que mayo anterior.<\/p>\n\n\n\n<p>Las automotrices e<strong>xportaron 23.291 veh\u00edculos<\/strong>,&nbsp;<strong>por lo que se not\u00f3 una&nbsp; importante baja del<\/strong>&nbsp;<strong>&nbsp;27,0% respecto del volumen que se registr\u00f3 en junio del a\u00f1o pasado y se ubic\u00f3 23,1% por debajo de su comparaci\u00f3n con mayo.<\/strong><\/p>\n\n\n\n<p>Finalmente, en lo que respecta a ventas mayoristas, el informe de ADEFA arroj\u00f3 que en junio el sector automotor comercializ\u00f3 a la red de concesionarios 44.138 veh\u00edculos, un 18,5% por sobre el volumen de junio de 2022 y un 14,3% m\u00e1s respecto de las entregas del mes anterior.<\/p>\n\n\n\n<p>\u201c<strong><em>La actividad mantuvo los vol\u00famenes que se registraron el mes anterior con un leve aumento del 0,5% en producci\u00f3n, no as\u00ed las exportaciones que se vieron afectadas por problemas log\u00edsticos y de fletes\u201d,&nbsp;<\/em><\/strong><em>se\u00f1al\u00f3 Galdeano.<\/em><\/p>\n\n\n\n<figure class=\"wp-block-image\"><img decoding=\"async\" src=\"https:\/\/noticiasargentinas.com\/images\/NA\/Contenidos\/WhatsApp_Image_2023-07-05_at_17.35.48.webp\" alt=\"WhatsApp_Image_2023-07-05_at_17.35.48.jpeg\"\/><\/figure>\n","protected":false},"excerpt":{"rendered":"<p>Si bien en mayo la exportaciones cayeron de manera significativa por temas de log\u00edstica y fletes,\u00a0 el sector aument\u00f3 m\u00e1s del 20% la producci\u00f3n de autom\u00f3viles y\u00a0 un 8,6% las&hellip; <\/p>\n","protected":false},"author":4,"featured_media":71944,"comment_status":"closed","ping_status":"open","sticky":false,"template":"","format":"standard","meta":{"footnotes":""},"categories":[20],"tags":[],"class_list":["post-71943","post","type-post","status-publish","format-standard","has-post-thumbnail","hentry","category-economia"],"_links":{"self":[{"href":"https:\/\/corrientesdetarde.com\/index.php\/wp-json\/wp\/v2\/posts\/71943","targetHints":{"allow":["GET"]}}],"collection":[{"href":"https:\/\/corrientesdetarde.com\/index.php\/wp-json\/wp\/v2\/posts"}],"about":[{"href":"https:\/\/corrientesdetarde.com\/index.php\/wp-json\/wp\/v2\/types\/post"}],"author":[{"embeddable":true,"href":"https:\/\/corrientesdetarde.com\/index.php\/wp-json\/wp\/v2\/users\/4"}],"replies":[{"embeddable":true,"href":"https:\/\/corrientesdetarde.com\/index.php\/wp-json\/wp\/v2\/comments?post=71943"}],"version-history":[{"count":1,"href":"https:\/\/corrientesdetarde.com\/index.php\/wp-json\/wp\/v2\/posts\/71943\/revisions"}],"predecessor-version":[{"id":71945,"href":"https:\/\/corrientesdetarde.com\/index.php\/wp-json\/wp\/v2\/posts\/71943\/revisions\/71945"}],"wp:featuredmedia":[{"embeddable":true,"href":"https:\/\/corrientesdetarde.com\/index.php\/wp-json\/wp\/v2\/media\/71944"}],"wp:attachment":[{"href":"https:\/\/corrientesdetarde.com\/index.php\/wp-json\/wp\/v2\/media?parent=71943"}],"wp:term":[{"taxonomy":"category","embeddable":true,"href":"https:\/\/corrientesdetarde.com\/index.php\/wp-json\/wp\/v2\/categories?post=71943"},{"taxonomy":"post_tag","embeddable":true,"href":"https:\/\/corrientesdetarde.com\/index.php\/wp-json\/wp\/v2\/tags?post=71943"}],"curies":[{"name":"wp","href":"https:\/\/api.w.org\/{rel}","templated":true}]}}