{"id":72140,"date":"2023-07-07T08:25:06","date_gmt":"2023-07-07T11:25:06","guid":{"rendered":"https:\/\/corrientesdetarde.com\/?p=72140"},"modified":"2023-07-07T08:25:27","modified_gmt":"2023-07-07T11:25:27","slug":"taller-recreativo-con-leyendas-musica-y-pintura-para-ninos-y-adultos-mayores-en-la-feria-del-libro","status":"publish","type":"post","link":"https:\/\/corrientesdetarde.com\/index.php\/cultura\/taller-recreativo-con-leyendas-musica-y-pintura-para-ninos-y-adultos-mayores-en-la-feria-del-libro\/","title":{"rendered":"Taller recreativo con leyendas, m\u00fasica y pintura para ni\u00f1os y adultos mayores en la feria del Libro"},"content":{"rendered":"\n<p>Este domingo, 09 de julio, en el marco de XIII Feria Provincial del Libro de Corrientes a desarrollarse en la Ex Usina (Costanera y Edison) se llevar\u00e1n a cabo actividades de lectura de cuentos tradicionales de la cultura de Corrientes y pintura con m\u00fasica para ni\u00f1os y adultos mayores del programa \u201cMarcando Huellas\u201d a cargo de la coordinadora Carolina Aguirre.<\/p>\n\n\n\n<p>El taller se realizar\u00e1 en el Auditorio Griselda Gambaro de 14 a 16 y se invita especialmente a ni\u00f1os y adultos mayores para disfrutar de la lectura de leyendas correntinas y disfrutar de la m\u00fasica chamamecera creando un \u00e1mbito de interacci\u00f3n para conocer y perpetuar los cuentos y leyendas tan populares.<\/p>\n\n\n\n<p>Asimismo, Carolina Aguirre explicar\u00e1 los alcances del programa \u201cMarcando Huellas\u201d a partir de las 15,40 en el mismo auditorio.\u00a0<\/p>\n\n\n\n<figure class=\"wp-block-image size-full\"><img loading=\"lazy\" decoding=\"async\" width=\"515\" height=\"924\" src=\"https:\/\/corrientesdetarde.com\/wp-content\/uploads\/2023\/07\/image-218.png\" alt=\"\" class=\"wp-image-72145\" srcset=\"https:\/\/corrientesdetarde.com\/wp-content\/uploads\/2023\/07\/image-218.png 515w, https:\/\/corrientesdetarde.com\/wp-content\/uploads\/2023\/07\/image-218-167x300.png 167w\" sizes=\"auto, (max-width: 515px) 100vw, 515px\" \/><\/figure>\n","protected":false},"excerpt":{"rendered":"<p>Este domingo, 09 de julio, en el marco de XIII Feria Provincial del Libro de Corrientes a desarrollarse en la Ex Usina (Costanera y Edison) se llevar\u00e1n a cabo actividades&hellip; <\/p>\n","protected":false},"author":4,"featured_media":72146,"comment_status":"closed","ping_status":"open","sticky":false,"template":"","format":"standard","meta":{"footnotes":""},"categories":[15,17],"tags":[],"class_list":["post-72140","post","type-post","status-publish","format-standard","has-post-thumbnail","hentry","category-cultura","category-sociales"],"_links":{"self":[{"href":"https:\/\/corrientesdetarde.com\/index.php\/wp-json\/wp\/v2\/posts\/72140","targetHints":{"allow":["GET"]}}],"collection":[{"href":"https:\/\/corrientesdetarde.com\/index.php\/wp-json\/wp\/v2\/posts"}],"about":[{"href":"https:\/\/corrientesdetarde.com\/index.php\/wp-json\/wp\/v2\/types\/post"}],"author":[{"embeddable":true,"href":"https:\/\/corrientesdetarde.com\/index.php\/wp-json\/wp\/v2\/users\/4"}],"replies":[{"embeddable":true,"href":"https:\/\/corrientesdetarde.com\/index.php\/wp-json\/wp\/v2\/comments?post=72140"}],"version-history":[{"count":1,"href":"https:\/\/corrientesdetarde.com\/index.php\/wp-json\/wp\/v2\/posts\/72140\/revisions"}],"predecessor-version":[{"id":72147,"href":"https:\/\/corrientesdetarde.com\/index.php\/wp-json\/wp\/v2\/posts\/72140\/revisions\/72147"}],"wp:featuredmedia":[{"embeddable":true,"href":"https:\/\/corrientesdetarde.com\/index.php\/wp-json\/wp\/v2\/media\/72146"}],"wp:attachment":[{"href":"https:\/\/corrientesdetarde.com\/index.php\/wp-json\/wp\/v2\/media?parent=72140"}],"wp:term":[{"taxonomy":"category","embeddable":true,"href":"https:\/\/corrientesdetarde.com\/index.php\/wp-json\/wp\/v2\/categories?post=72140"},{"taxonomy":"post_tag","embeddable":true,"href":"https:\/\/corrientesdetarde.com\/index.php\/wp-json\/wp\/v2\/tags?post=72140"}],"curies":[{"name":"wp","href":"https:\/\/api.w.org\/{rel}","templated":true}]}}