{"id":72247,"date":"2023-07-07T14:29:29","date_gmt":"2023-07-07T17:29:29","guid":{"rendered":"https:\/\/corrientesdetarde.com\/?p=72247"},"modified":"2023-07-07T14:29:51","modified_gmt":"2023-07-07T17:29:51","slug":"con-gran-exito-y-convocatoria-la-dpec-realizo-un-taller-de-sociabilizacion-de-nuevas-obras","status":"publish","type":"post","link":"https:\/\/corrientesdetarde.com\/index.php\/sociales\/con-gran-exito-y-convocatoria-la-dpec-realizo-un-taller-de-sociabilizacion-de-nuevas-obras\/","title":{"rendered":"Con gran \u00e9xito y convocatoria, la DPEC realiz\u00f3 un taller de sociabilizaci\u00f3n de nuevas obras&nbsp;"},"content":{"rendered":"\n<p><em>La Direcci\u00f3n Provincial de Energ\u00eda de Corrientes (DPEC) llev\u00f3 adelante un taller de sociabilizaci\u00f3n informativo y participativo para exponer las nuevas obras previstas para la localidad de San Luis del Palmar y una amplia zona de influencia en el noroeste de la provincia.<\/em><\/p>\n\n\n\n<p>El evento realizado en San Luis del Palmar, el d\u00eda de ayer, cont\u00f3 con una importante participaci\u00f3n de la ciudadan\u00eda, autoridades locales, y la disertaci\u00f3n de la Consultora Ambiental, Hilda P\u00e1ez, por parte de la DPEC el disertante fue el Subgerente de Estudios y Proyectos, Mart\u00edn Amuch\u00e1stegui.<\/p>\n\n\n\n<p>Mediante el presente Taller se dieron a conocer las obras proyectadas para la localidad, en primera medida una nueva Estaci\u00f3n Transformadora (ET) 33\/13,2 kV \u201cMalvinas\u201d con una potencia inicial de 10 MVA&nbsp;&nbsp;con posibilidades de aumentar dicha potencia en el futuro, por otro lado tambi\u00e9n se dio cuenta de una nueva L\u00ednea de Media Tensi\u00f3n en 33 kV para abastecer&nbsp;&nbsp;a la localidad y sus nuevas infraestructuras.<\/p>\n\n\n\n<p>En el encuentro tambi\u00e9n se hizo hincapi\u00e9 en la viabilidad ambiental de los proyectos y su real impacto en el territorio donde se van a emplazar, teniendo en cuenta diferentes normativas vigentes e importantes par\u00e1metros ambientales estas obras buscan cumplir con todos los est\u00e1ndares de calidad planteados.<\/p>\n\n\n\n<p>Con diferentes obras y un gran volumen de inversiones la DPEC reafirma su compromiso por llevar energ\u00eda de manera confiable y eficiente a todos los puntos de la provincia, posibilitando y contribuyendo al desarrollo urbano y productivo de San Luis del Palmar.<\/p>\n","protected":false},"excerpt":{"rendered":"<p>La Direcci\u00f3n Provincial de Energ\u00eda de Corrientes (DPEC) llev\u00f3 adelante un taller de sociabilizaci\u00f3n informativo y participativo para exponer las nuevas obras previstas para la localidad de San Luis del&hellip; <\/p>\n","protected":false},"author":8,"featured_media":72248,"comment_status":"closed","ping_status":"open","sticky":false,"template":"","format":"standard","meta":{"footnotes":""},"categories":[17],"tags":[],"class_list":["post-72247","post","type-post","status-publish","format-standard","has-post-thumbnail","hentry","category-sociales"],"_links":{"self":[{"href":"https:\/\/corrientesdetarde.com\/index.php\/wp-json\/wp\/v2\/posts\/72247","targetHints":{"allow":["GET"]}}],"collection":[{"href":"https:\/\/corrientesdetarde.com\/index.php\/wp-json\/wp\/v2\/posts"}],"about":[{"href":"https:\/\/corrientesdetarde.com\/index.php\/wp-json\/wp\/v2\/types\/post"}],"author":[{"embeddable":true,"href":"https:\/\/corrientesdetarde.com\/index.php\/wp-json\/wp\/v2\/users\/8"}],"replies":[{"embeddable":true,"href":"https:\/\/corrientesdetarde.com\/index.php\/wp-json\/wp\/v2\/comments?post=72247"}],"version-history":[{"count":1,"href":"https:\/\/corrientesdetarde.com\/index.php\/wp-json\/wp\/v2\/posts\/72247\/revisions"}],"predecessor-version":[{"id":72249,"href":"https:\/\/corrientesdetarde.com\/index.php\/wp-json\/wp\/v2\/posts\/72247\/revisions\/72249"}],"wp:featuredmedia":[{"embeddable":true,"href":"https:\/\/corrientesdetarde.com\/index.php\/wp-json\/wp\/v2\/media\/72248"}],"wp:attachment":[{"href":"https:\/\/corrientesdetarde.com\/index.php\/wp-json\/wp\/v2\/media?parent=72247"}],"wp:term":[{"taxonomy":"category","embeddable":true,"href":"https:\/\/corrientesdetarde.com\/index.php\/wp-json\/wp\/v2\/categories?post=72247"},{"taxonomy":"post_tag","embeddable":true,"href":"https:\/\/corrientesdetarde.com\/index.php\/wp-json\/wp\/v2\/tags?post=72247"}],"curies":[{"name":"wp","href":"https:\/\/api.w.org\/{rel}","templated":true}]}}