{"id":72412,"date":"2023-07-08T09:05:16","date_gmt":"2023-07-08T12:05:16","guid":{"rendered":"https:\/\/corrientesdetarde.com\/?p=72412"},"modified":"2023-07-08T09:05:19","modified_gmt":"2023-07-08T12:05:19","slug":"raro-incidente-un-barco-de-la-armada-embistio-el-flotante-siete-corrientes","status":"publish","type":"post","link":"https:\/\/corrientesdetarde.com\/index.php\/informacion-general\/raro-incidente-un-barco-de-la-armada-embistio-el-flotante-siete-corrientes\/","title":{"rendered":"Raro incidente: un barco de la Armada embisti\u00f3 el flotante &#8220;Siete Corrientes&#8221;"},"content":{"rendered":"\n<p>Una embarcaci\u00f3n de la Armada Argentina protagoniz\u00f3 un al menos extra\u00f1o incidente en la zona de la Costanera correntina. El barco embisti\u00f3 al flotante en el cual funciona el centro cultural &#8220;Siete Corrientes&#8221; y que est\u00e1 en el r\u00edo Paran\u00e1 a la altura de avenida Costanera y La Rioja, pr\u00f3ximo al puerto capitalino.<\/p>\n\n\n\n<p>La colisi\u00f3n provoc\u00f3 da\u00f1os en su estructura y las personas que estaban en ese momento fueron evacuadas.<\/p>\n\n\n\n<h2 class=\"wp-block-heading\">Removieron al prefecto<\/h2>\n\n\n\n<p>Por otra parte, en el marco de otro incidente en el Paran\u00e1, pero esta vez en la zona de Ituzaing\u00f3 e Isla Apip\u00e9, en la frontera con Paraguay, entre integrantes de la fuerza paraguaya que custodian la jurisdicci\u00f3n y un grupo de pescadores correntinos.<\/p>\n\n\n\n<p>En este sentido, se confirm\u00f3 que el titular de la Prefectura Naval, zona Ayolas-Paraguay, capit\u00e1n Guillermo Rom\u00e1n, fue removido de su cargo.<\/p>\n","protected":false},"excerpt":{"rendered":"<p>Una embarcaci\u00f3n de la Armada Argentina protagoniz\u00f3 un al menos extra\u00f1o incidente en la zona de la Costanera correntina. El barco embisti\u00f3 al flotante en el cual funciona el centro&hellip; <\/p>\n","protected":false},"author":3,"featured_media":72413,"comment_status":"closed","ping_status":"open","sticky":false,"template":"","format":"standard","meta":{"footnotes":""},"categories":[1],"tags":[],"class_list":["post-72412","post","type-post","status-publish","format-standard","has-post-thumbnail","hentry","category-informacion-general"],"_links":{"self":[{"href":"https:\/\/corrientesdetarde.com\/index.php\/wp-json\/wp\/v2\/posts\/72412","targetHints":{"allow":["GET"]}}],"collection":[{"href":"https:\/\/corrientesdetarde.com\/index.php\/wp-json\/wp\/v2\/posts"}],"about":[{"href":"https:\/\/corrientesdetarde.com\/index.php\/wp-json\/wp\/v2\/types\/post"}],"author":[{"embeddable":true,"href":"https:\/\/corrientesdetarde.com\/index.php\/wp-json\/wp\/v2\/users\/3"}],"replies":[{"embeddable":true,"href":"https:\/\/corrientesdetarde.com\/index.php\/wp-json\/wp\/v2\/comments?post=72412"}],"version-history":[{"count":1,"href":"https:\/\/corrientesdetarde.com\/index.php\/wp-json\/wp\/v2\/posts\/72412\/revisions"}],"predecessor-version":[{"id":72414,"href":"https:\/\/corrientesdetarde.com\/index.php\/wp-json\/wp\/v2\/posts\/72412\/revisions\/72414"}],"wp:featuredmedia":[{"embeddable":true,"href":"https:\/\/corrientesdetarde.com\/index.php\/wp-json\/wp\/v2\/media\/72413"}],"wp:attachment":[{"href":"https:\/\/corrientesdetarde.com\/index.php\/wp-json\/wp\/v2\/media?parent=72412"}],"wp:term":[{"taxonomy":"category","embeddable":true,"href":"https:\/\/corrientesdetarde.com\/index.php\/wp-json\/wp\/v2\/categories?post=72412"},{"taxonomy":"post_tag","embeddable":true,"href":"https:\/\/corrientesdetarde.com\/index.php\/wp-json\/wp\/v2\/tags?post=72412"}],"curies":[{"name":"wp","href":"https:\/\/api.w.org\/{rel}","templated":true}]}}