{"id":72482,"date":"2023-07-08T16:50:07","date_gmt":"2023-07-08T19:50:07","guid":{"rendered":"https:\/\/corrientesdetarde.com\/?p=72482"},"modified":"2023-07-08T16:50:12","modified_gmt":"2023-07-08T19:50:12","slug":"con-multiples-propuestas-la-municipalidad-participa-de-la-feria-provincial-del-libro","status":"publish","type":"post","link":"https:\/\/corrientesdetarde.com\/index.php\/eventos\/con-multiples-propuestas-la-municipalidad-participa-de-la-feria-provincial-del-libro\/","title":{"rendered":"Con m\u00faltiples propuestas, la Municipalidad participa de la Feria Provincial del Libro"},"content":{"rendered":"\n<p><em>Actividades para chicos, adolescentes y adultos forman parte de las actividades que la Municipalidad ofrece durante loS d\u00edas en que se desarrolla la XIII edici\u00f3n de este evento cultural, en el edificio de la ex Usina, ubicada en costanera General San Mart\u00edn y calle Edison.<\/em><\/p>\n\n\n\n<figure class=\"wp-block-image size-large\"><img loading=\"lazy\" decoding=\"async\" width=\"1024\" height=\"682\" src=\"https:\/\/corrientesdetarde.com\/wp-content\/uploads\/2023\/07\/image-258-1024x682.png\" alt=\"\" class=\"wp-image-72483\" srcset=\"https:\/\/corrientesdetarde.com\/wp-content\/uploads\/2023\/07\/image-258-1024x682.png 1024w, https:\/\/corrientesdetarde.com\/wp-content\/uploads\/2023\/07\/image-258-300x200.png 300w, https:\/\/corrientesdetarde.com\/wp-content\/uploads\/2023\/07\/image-258-768x512.png 768w, https:\/\/corrientesdetarde.com\/wp-content\/uploads\/2023\/07\/image-258.png 1280w\" sizes=\"auto, (max-width: 1024px) 100vw, 1024px\" \/><\/figure>\n\n\n\n<p>Desde este viernes 7 y\u00a0hasta el 16 de julio, la Municipalidad de la ciudad de Corrientes dice presente en la XIII edici\u00f3n de la Feria Provincial del Libro. Charlas, disertaciones, juegos para los m\u00e1s chicos, espect\u00e1culos de danza y m\u00fasica forman parte del abanico de propuestas para disfrutar durante estos d\u00edas en el predio ubicado sobre la\u00a0avenida costanera General San Mart\u00edn\u00a0y calle Edison.<br><br>Con una atractiva programaci\u00f3n, durante estos diez d\u00edas se ofrecer\u00e1n actividades organizadas por las diferentes secretar\u00edas comunales.<br><br>El secretario de Cultura y Educaci\u00f3n, Jos\u00e9 Sand, se\u00f1al\u00f3 que \u201ces un evento que convoca a much\u00edsimos escritores correntinos y artistas, que tienen la oportunidad de ofrecer y mostrar sus obras\u201d.<\/p>\n\n\n\n<figure class=\"wp-block-embed is-type-video is-provider-youtube wp-block-embed-youtube wp-embed-aspect-16-9 wp-has-aspect-ratio\"><div class=\"wp-block-embed__wrapper\">\n<iframe loading=\"lazy\" title=\"Con m\u00faltiples propuestas, la Municipalidad participa en la Feria Provincial del Libro\" width=\"1110\" height=\"624\" src=\"https:\/\/www.youtube.com\/embed\/HcC1LcBxMBE?feature=oembed\" frameborder=\"0\" allow=\"accelerometer; autoplay; clipboard-write; encrypted-media; gyroscope; picture-in-picture; web-share\" allowfullscreen><\/iframe>\n<\/div><\/figure>\n\n\n\n<p><br><br>Adem\u00e1s destac\u00f3 que como municipio \u201cofrecemos varias actividades dentro de la feria de manera de mostrar no solamente qu\u00e9 acciones realiza la Municipalidad durante todo el a\u00f1o, sino tambi\u00e9n los vecinos y turistas van a poder conocer las distintas propuestas culturales, art\u00edsticas, tur\u00edsticas, musicales, que se viven en la ciudad\u201d.<br><br>En este contexto, adelant\u00f3 adem\u00e1s algunos de los diferentes atractivos programados: \u201cEl stand municipal ofrecer\u00e1 muchas actividades para toda la familia, donde no solamente cultura y arte dicen presente, sino todo el municipio hoy viene a acompa\u00f1ar con distintas propuestas, con exposiciones y explicaciones de las acciones que van llevando adelante, siempre buscando la cercan\u00eda con el vecino para que conozca todo lo que se viene haciendo en su beneficio y generar una ciudad m\u00e1s amigable, m\u00e1s sustentable y lo que buscamos tambi\u00e9n por supuesto que Corrientes sea una ciudad tur\u00edstica y de eventos\u201d.<br><br>De esta manera, la Municipalidad tiene una participaci\u00f3n con un stand institucional estrat\u00e9gicamente ubicado dentro del espacio ferial de la ex Usina. Durante estos d\u00edas se suman acciones en el marco de este espacio, y por otra parte se desarrollar\u00e1n actividades planificadas en auditorios y en el escenario principal.<\/p>\n\n\n\n<figure class=\"wp-block-image size-large\"><img loading=\"lazy\" decoding=\"async\" width=\"1024\" height=\"682\" src=\"https:\/\/corrientesdetarde.com\/wp-content\/uploads\/2023\/07\/image-259-1024x682.png\" alt=\"\" class=\"wp-image-72484\" srcset=\"https:\/\/corrientesdetarde.com\/wp-content\/uploads\/2023\/07\/image-259-1024x682.png 1024w, https:\/\/corrientesdetarde.com\/wp-content\/uploads\/2023\/07\/image-259-300x200.png 300w, https:\/\/corrientesdetarde.com\/wp-content\/uploads\/2023\/07\/image-259-768x512.png 768w, https:\/\/corrientesdetarde.com\/wp-content\/uploads\/2023\/07\/image-259.png 1280w\" sizes=\"auto, (max-width: 1024px) 100vw, 1024px\" \/><\/figure>\n\n\n\n<p><br><br>PARTICIPACI\u00d3N<br><br>La presencia de la Municipalidad este fin de semana en la Feria del Libro ser\u00e1 la siguiente:<br><br>S\u00e1bado 8 de julio<br><br>14 &#8211; Direcci\u00f3n General de la Ni\u00f1ez: equipo interdisciplinario-\u201cConociendo a nuestros ni\u00f1os\u201d.<br><br>15 a 18 &#8211; Taller Capacitarte de Casa del Bicentenario.<br><br>16 &#8211; Funci\u00f3n de t\u00edteres: Cr\u00f3nicas del buen vecino.<br><br>17 &#8211; Firma de convenio marco de cooperaci\u00f3n rec\u00edproca con Fecobip.<br><br>19 &#8211; Calidad Ambiental.<br><br>19 &#8211; Corrientes Baila: intervenci\u00f3n art\u00edstica.<br><br>20 a 22 &#8211; Direcci\u00f3n de Maternidad e Infancia: lactancia humana. Nutrici\u00f3n: alimentaci\u00f3n y h\u00e1bitos de vida para una cultura saludable.<br><br>Domingo 9 de julio<br><br>15 a 18 &#8211; Patio de la Independencia.<br><br>16 &#8211; Funci\u00f3n de t\u00edteres: Cr\u00f3nicas del buen vecino.<br><br>17 &#8211; Biblioteca Popular de Escritores Correntinos: taller de kamishibai (teatro de papel).<br><br>18 &#8211; Reserva Natural Santa Catalina.<br><br>19 &#8211; Corrientes Baila: intervenci\u00f3n art\u00edstica.<br><br>20 &#8211; Show de Ger\u00f3nimo Casella y Expo Amplificadores.<br><br>Adem\u00e1s, todos los d\u00edas\u00a0desde las 9\u00a0habr\u00e1 libros a disposici\u00f3n y talleres art\u00edsticos para ni\u00f1os con la participaci\u00f3n de las bibliotecas El Palomar, Casa del Bicentenario y los Centros de Desarrollo Infantil (CDI).<br><br>De 14 a 22 tambi\u00e9n dir\u00e1n presente emprendedores que forman parte de Ciudad de Dise\u00f1o.<\/p>\n","protected":false},"excerpt":{"rendered":"<p>Actividades para chicos, adolescentes y adultos forman parte de las actividades que la Municipalidad ofrece durante loS d\u00edas en que se desarrolla la XIII edici\u00f3n de este evento cultural, en&hellip; <\/p>\n","protected":false},"author":1,"featured_media":72485,"comment_status":"closed","ping_status":"open","sticky":false,"template":"","format":"standard","meta":{"footnotes":""},"categories":[22],"tags":[],"class_list":["post-72482","post","type-post","status-publish","format-standard","has-post-thumbnail","hentry","category-eventos"],"_links":{"self":[{"href":"https:\/\/corrientesdetarde.com\/index.php\/wp-json\/wp\/v2\/posts\/72482","targetHints":{"allow":["GET"]}}],"collection":[{"href":"https:\/\/corrientesdetarde.com\/index.php\/wp-json\/wp\/v2\/posts"}],"about":[{"href":"https:\/\/corrientesdetarde.com\/index.php\/wp-json\/wp\/v2\/types\/post"}],"author":[{"embeddable":true,"href":"https:\/\/corrientesdetarde.com\/index.php\/wp-json\/wp\/v2\/users\/1"}],"replies":[{"embeddable":true,"href":"https:\/\/corrientesdetarde.com\/index.php\/wp-json\/wp\/v2\/comments?post=72482"}],"version-history":[{"count":1,"href":"https:\/\/corrientesdetarde.com\/index.php\/wp-json\/wp\/v2\/posts\/72482\/revisions"}],"predecessor-version":[{"id":72486,"href":"https:\/\/corrientesdetarde.com\/index.php\/wp-json\/wp\/v2\/posts\/72482\/revisions\/72486"}],"wp:featuredmedia":[{"embeddable":true,"href":"https:\/\/corrientesdetarde.com\/index.php\/wp-json\/wp\/v2\/media\/72485"}],"wp:attachment":[{"href":"https:\/\/corrientesdetarde.com\/index.php\/wp-json\/wp\/v2\/media?parent=72482"}],"wp:term":[{"taxonomy":"category","embeddable":true,"href":"https:\/\/corrientesdetarde.com\/index.php\/wp-json\/wp\/v2\/categories?post=72482"},{"taxonomy":"post_tag","embeddable":true,"href":"https:\/\/corrientesdetarde.com\/index.php\/wp-json\/wp\/v2\/tags?post=72482"}],"curies":[{"name":"wp","href":"https:\/\/api.w.org\/{rel}","templated":true}]}}