{"id":72513,"date":"2023-07-08T23:18:45","date_gmt":"2023-07-09T02:18:45","guid":{"rendered":"https:\/\/corrientesdetarde.com\/?p=72513"},"modified":"2023-07-08T23:19:13","modified_gmt":"2023-07-09T02:19:13","slug":"las-petroleras-adelantaron-una-semana-la-suba-del-45-de-julio","status":"publish","type":"post","link":"https:\/\/corrientesdetarde.com\/index.php\/economia\/las-petroleras-adelantaron-una-semana-la-suba-del-45-de-julio\/","title":{"rendered":"las petroleras adelantaron una semana la suba del 4,5% de julio"},"content":{"rendered":"\n<p>Las compa\u00f1\u00edas petroleras anticiparon una semana el incremento del 4,5% en los precios de sus combustibles.<\/p>\n\n\n\n<p>Los que fueron a las estaciones de servicio se encontraron hoy con la sorpresa de que el aumento de precios acordado por el Gobierno se anticip\u00f3 una semana.<\/p>\n\n\n\n<p>Acostumbrados a que la actualizaci\u00f3n de precios acordada con el Gobierno de 4,5% mensual se aplicada cerca de la mitad del mes, los usuarios se encontraron con que los precios subieron a las cero de hoy.<\/p>\n\n\n\n<p>El incremento no fue comunicado por las petroleras pero ante la consulta de Noticias Argentinas fue confirmado el adelantamiento del aumento correspondiente a julio.<\/p>\n\n\n\n<p>La nueva suba de las naftas fue un acuerdo entre la Secretar\u00eda de Energ\u00eda y las empresas petroleras. Los anteriores incrementos siempre fueron el 15 de cada mes, pero en esta ocasi\u00f3n se adelant\u00f3 unos d\u00edas.<\/p>\n\n\n\n<p>Se trata de la suba n\u00famero 31 en lo que va de la gesti\u00f3n de Alberto Fern\u00e1ndez, y lo encabez\u00f3 YPF, con la idea de fijar un valor de referencia en el mercado y limitar a las otras empresas a que los precios no puedan dispararse.<\/p>\n\n\n\n<p>Los valores de la nafta se hab\u00edan actualizado por \u00faltima vez el 17 de junio.<\/p>\n\n\n\n<p>Las petroleras apuntan que desde hace tiempo registran una p\u00e9rdida de rentabilidad, principalmente debido a la inflaci\u00f3n, baja de consumo y reacomodamiento de precios demasiado escasos para sus necesidades.<\/p>\n\n\n\n<p>&#8220;Indudablemente que nos toc\u00f3 a todos por sorpresa. Este viernes a la noche nos lleg\u00f3 una notificaci\u00f3n con que ven\u00eda un aumento para todos los combustibles de un 4,5% y a nivel pa\u00eds, y para todas las marcas&#8221;, indic\u00f3 el representante de la C\u00e1mara de Estaciones de Servicio del Nordeste del pa\u00eds, Faruk Jaraf.<\/p>\n\n\n\n<p>Si bien el porcentaje de suba fue generalizado e igual en todo el pa\u00eds, los precios finales presentan algunas diferencias en las provincias, de acuerdo con el distrito.<\/p>\n","protected":false},"excerpt":{"rendered":"<p>Las compa\u00f1\u00edas petroleras anticiparon una semana el incremento del 4,5% en los precios de sus combustibles. Los que fueron a las estaciones de servicio se encontraron hoy con la sorpresa&hellip; <\/p>\n","protected":false},"author":1,"featured_media":72514,"comment_status":"closed","ping_status":"open","sticky":false,"template":"","format":"standard","meta":{"footnotes":""},"categories":[20],"tags":[],"class_list":["post-72513","post","type-post","status-publish","format-standard","has-post-thumbnail","hentry","category-economia"],"_links":{"self":[{"href":"https:\/\/corrientesdetarde.com\/index.php\/wp-json\/wp\/v2\/posts\/72513","targetHints":{"allow":["GET"]}}],"collection":[{"href":"https:\/\/corrientesdetarde.com\/index.php\/wp-json\/wp\/v2\/posts"}],"about":[{"href":"https:\/\/corrientesdetarde.com\/index.php\/wp-json\/wp\/v2\/types\/post"}],"author":[{"embeddable":true,"href":"https:\/\/corrientesdetarde.com\/index.php\/wp-json\/wp\/v2\/users\/1"}],"replies":[{"embeddable":true,"href":"https:\/\/corrientesdetarde.com\/index.php\/wp-json\/wp\/v2\/comments?post=72513"}],"version-history":[{"count":1,"href":"https:\/\/corrientesdetarde.com\/index.php\/wp-json\/wp\/v2\/posts\/72513\/revisions"}],"predecessor-version":[{"id":72515,"href":"https:\/\/corrientesdetarde.com\/index.php\/wp-json\/wp\/v2\/posts\/72513\/revisions\/72515"}],"wp:featuredmedia":[{"embeddable":true,"href":"https:\/\/corrientesdetarde.com\/index.php\/wp-json\/wp\/v2\/media\/72514"}],"wp:attachment":[{"href":"https:\/\/corrientesdetarde.com\/index.php\/wp-json\/wp\/v2\/media?parent=72513"}],"wp:term":[{"taxonomy":"category","embeddable":true,"href":"https:\/\/corrientesdetarde.com\/index.php\/wp-json\/wp\/v2\/categories?post=72513"},{"taxonomy":"post_tag","embeddable":true,"href":"https:\/\/corrientesdetarde.com\/index.php\/wp-json\/wp\/v2\/tags?post=72513"}],"curies":[{"name":"wp","href":"https:\/\/api.w.org\/{rel}","templated":true}]}}