{"id":72516,"date":"2023-07-09T10:24:53","date_gmt":"2023-07-09T13:24:53","guid":{"rendered":"https:\/\/corrientesdetarde.com\/?p=72516"},"modified":"2023-07-09T10:24:57","modified_gmt":"2023-07-09T13:24:57","slug":"desmienten-que-patricia-bullrich-no-sea-proclive-al-dialogo","status":"publish","type":"post","link":"https:\/\/corrientesdetarde.com\/index.php\/nacionales\/desmienten-que-patricia-bullrich-no-sea-proclive-al-dialogo\/","title":{"rendered":"Desmienten que Patricia Bullrich no sea proclive  al di\u00e1logo"},"content":{"rendered":"\n<p>Contrariamente a lo que los candidatos de las dem\u00e1s listas que competir\u00e1n en las PASO, consideran de la ex ministra de seguridad, el Precandidato a Senador Nacional por la Lista Fuerza del Cambio, Jorge Lucero explic\u00f3 que \u201cla propuesta de Bullrich se basa en un rumbo y una visi\u00f3n clara de hacia d\u00f3nde tiene que ir la Argentina\u201d.<\/p>\n\n\n\n<p>En ese sentido el aspirante a una banca en la C\u00e1mara Alta por la Provincia de San Luis, se mostr\u00f3 confiado en que a partir del 10 de diciembre pr\u00f3ximo, el Senado y la C\u00e1mara de Diputados tengan mayor\u00eda de Juntos por el Cambio, en di\u00e1logo con MULTIMEDIOS ECO AM1220.<\/p>\n\n\n\n<p>De ser as\u00ed, Lucero adelant\u00f3 que esto \u201cnos llevar\u00e1 a hacer el esfuerzo de que acompa\u00f1en los cambios proyectados los legisladores nacionales, teniendo en claro el rumbo de pa\u00eds que defendemos, el cual es muy diferente al del actual gobierno\u201d.<\/p>\n\n\n\n<p>Se refiri\u00f3 a las expectativas electorales en su provincia y expres\u00f3 que \u201c el mensaje de Patricia Bullrich est\u00e1 teniendo muy buena recepci\u00f3n entre la poblaci\u00f3n de San Luis y en ellos estamos trabajando\u201d.<\/p>\n\n\n\n<p>Agreg\u00f3 que tienen la percepci\u00f3n de que a la vez, hubo un hecho hist\u00f3rico a partir de la elecci\u00f3n de Claudio Poggi y a esto se le suma un apoyo ascendente al Proyecto de Bullrich, por lo cual valor\u00f3 que est\u00e9n trabajando la provincia, recorriendola, teniendo reuniones con referentes de la sociedad civil y del sector productivo.<\/p>\n\n\n\n<p>\u201cEstamos discutiendo el modelo de nuestra provincia, dentro de un pa\u00eds federal, lo que nos lleva a pensar que estamos sufriendo uno de los peores gobiernos nacionales de la historia, con \u00edndices de inflaci\u00f3n nunca vistos y con trabajadores formales que est\u00e1n por debajo de la l\u00ednea de pobreza\u201d, advirti\u00f3.<\/p>\n\n\n\n<p>Afirm\u00f3 que buscan junto a Bullrich, construir un pa\u00eds para adelante, cambiando tambi\u00e9n San Luis, donde opin\u00f3 que como nunca antes hab\u00eda sucedido con los Rodr\u00edguez Saa, el actual gobierno provincial se aline\u00f3 estrechamente al Kirchnerismo, dejando a los puntanos en el \u00faltimo pelda\u00f1o de la pobreza y de la calidad educativa.<\/p>\n\n\n\n<p>\u201cEl \u00e1mbito de participaci\u00f3n en el Senado debe ser un nexo entre las necesidades y los intereses de la provincia con el gobierno nacional\u201d, ponder\u00f3 Lucero.&nbsp;<\/p>\n\n\n\n<p>Asever\u00f3 que es preciso debatir una agenda federal en la Argentina que evite las asimetr\u00edas que tiene hoy el pueblo argentino. \u201cNo puede ser que el desarrollo de nuestros j\u00f3venes est\u00e9 limitado de acuerdo a la provincia de donde nacen, teniendo en cuenta que la educaci\u00f3n es la variante de ascenso social\u201d.<\/p>\n\n\n\n<p>De la misma manera consider\u00f3 importante discutir federalmente la seguridad, la salud y los temas que brinden a la poblaci\u00f3n el bienestar y el futuro que se merece.<\/p>\n","protected":false},"excerpt":{"rendered":"<p>Contrariamente a lo que los candidatos de las dem\u00e1s listas que competir\u00e1n en las PASO, consideran de la ex ministra de seguridad, el Precandidato a Senador Nacional por la Lista&hellip; <\/p>\n","protected":false},"author":11,"featured_media":72517,"comment_status":"closed","ping_status":"open","sticky":false,"template":"","format":"standard","meta":{"footnotes":""},"categories":[10],"tags":[810,147,809,626],"class_list":["post-72516","post","type-post","status-publish","format-standard","has-post-thumbnail","hentry","category-nacionales","tag-bulrich","tag-ceballos","tag-lucero","tag-san-luis"],"_links":{"self":[{"href":"https:\/\/corrientesdetarde.com\/index.php\/wp-json\/wp\/v2\/posts\/72516","targetHints":{"allow":["GET"]}}],"collection":[{"href":"https:\/\/corrientesdetarde.com\/index.php\/wp-json\/wp\/v2\/posts"}],"about":[{"href":"https:\/\/corrientesdetarde.com\/index.php\/wp-json\/wp\/v2\/types\/post"}],"author":[{"embeddable":true,"href":"https:\/\/corrientesdetarde.com\/index.php\/wp-json\/wp\/v2\/users\/11"}],"replies":[{"embeddable":true,"href":"https:\/\/corrientesdetarde.com\/index.php\/wp-json\/wp\/v2\/comments?post=72516"}],"version-history":[{"count":1,"href":"https:\/\/corrientesdetarde.com\/index.php\/wp-json\/wp\/v2\/posts\/72516\/revisions"}],"predecessor-version":[{"id":72518,"href":"https:\/\/corrientesdetarde.com\/index.php\/wp-json\/wp\/v2\/posts\/72516\/revisions\/72518"}],"wp:featuredmedia":[{"embeddable":true,"href":"https:\/\/corrientesdetarde.com\/index.php\/wp-json\/wp\/v2\/media\/72517"}],"wp:attachment":[{"href":"https:\/\/corrientesdetarde.com\/index.php\/wp-json\/wp\/v2\/media?parent=72516"}],"wp:term":[{"taxonomy":"category","embeddable":true,"href":"https:\/\/corrientesdetarde.com\/index.php\/wp-json\/wp\/v2\/categories?post=72516"},{"taxonomy":"post_tag","embeddable":true,"href":"https:\/\/corrientesdetarde.com\/index.php\/wp-json\/wp\/v2\/tags?post=72516"}],"curies":[{"name":"wp","href":"https:\/\/api.w.org\/{rel}","templated":true}]}}