{"id":72519,"date":"2023-07-09T11:15:30","date_gmt":"2023-07-09T14:15:30","guid":{"rendered":"https:\/\/corrientesdetarde.com\/?p=72519"},"modified":"2023-07-09T11:15:52","modified_gmt":"2023-07-09T14:15:52","slug":"uti-reafirma-su-apoyo-a-la-causa-malvinas","status":"publish","type":"post","link":"https:\/\/corrientesdetarde.com\/index.php\/politica\/uti-reafirma-su-apoyo-a-la-causa-malvinas\/","title":{"rendered":"UTI REAFIRMA SU APOYO A LA CAUSA MALVINAS"},"content":{"rendered":"\n<p>(Pablo Roma, Gremiales) &#8211; Con un acto a desarrollarse el pr\u00f3ximo mi\u00e9rcoles en su sede y organizado junto con la Federaci\u00f3n Nacional de Veteranos de Guerra de la Rep\u00fablica Argentina, el gremio de los trabajadores del PAMI dar\u00e1 una nueva muestra de su constante reivindicaci\u00f3n y apoyo a la causa a la causa Malvinas.<\/p>\n\n\n\n<p>En esta ocasi\u00f3n se tratar\u00e1 de la presentaci\u00f3n en sociedad de una serie de videos impulsados y realizados por la Federaci\u00f3n con el respaldo de UTI, en los cuales ex veteranos \u2013todos ellos trabajadores del PAMI y afiliados al gremio- narran sus experiencias de combate en las islas.&nbsp;<\/p>\n\n\n\n<p>M\u00e1s all\u00e1 de este hecho puntual, en el transcurso del acto UTI har\u00e1 conocer su clara intenci\u00f3n de que el PAMI se convierta en el primer organismo p\u00fablico en adherir formalmente a la Ley 27671 de Capacitaci\u00f3n obligatoria, peri\u00f3dica y permanente en la cuesti\u00f3n de las Islas Malvinas para todos los agentes de la funci\u00f3n p\u00fablica en todos los niveles y jerarqu\u00edas de los tres Poderes del estado (el PAMI no es un organismo estatal pero s\u00ed es p\u00fablico, por lo cual el gremio entiende que los empleados del Instituto est\u00e1 alcanzado por dicha ley).&nbsp;<\/p>\n\n\n\n<p>Al acto asistir\u00e1n autoridades y legisladores nacionales; responsables del \u00e1rea Malvinas de las distintas Fuerzas Armadas; veteranos de Guerra y representantes de diversos medios de prensa. La cita ser\u00e1 este mi\u00e9rcoles, 12 de julio, a las 15, en la sede central de UTI, Carlos Calvo 761, CABA.&nbsp;<\/p>\n","protected":false},"excerpt":{"rendered":"<p>(Pablo Roma, Gremiales) &#8211; Con un acto a desarrollarse el pr\u00f3ximo mi\u00e9rcoles en su sede y organizado junto con la Federaci\u00f3n Nacional de Veteranos de Guerra de la Rep\u00fablica Argentina,&hellip; <\/p>\n","protected":false},"author":11,"featured_media":72520,"comment_status":"closed","ping_status":"open","sticky":false,"template":"","format":"standard","meta":{"footnotes":""},"categories":[3],"tags":[86,412,264],"class_list":["post-72519","post","type-post","status-publish","format-standard","has-post-thumbnail","hentry","category-politica","tag-malvinas","tag-pami","tag-uti"],"_links":{"self":[{"href":"https:\/\/corrientesdetarde.com\/index.php\/wp-json\/wp\/v2\/posts\/72519","targetHints":{"allow":["GET"]}}],"collection":[{"href":"https:\/\/corrientesdetarde.com\/index.php\/wp-json\/wp\/v2\/posts"}],"about":[{"href":"https:\/\/corrientesdetarde.com\/index.php\/wp-json\/wp\/v2\/types\/post"}],"author":[{"embeddable":true,"href":"https:\/\/corrientesdetarde.com\/index.php\/wp-json\/wp\/v2\/users\/11"}],"replies":[{"embeddable":true,"href":"https:\/\/corrientesdetarde.com\/index.php\/wp-json\/wp\/v2\/comments?post=72519"}],"version-history":[{"count":1,"href":"https:\/\/corrientesdetarde.com\/index.php\/wp-json\/wp\/v2\/posts\/72519\/revisions"}],"predecessor-version":[{"id":72521,"href":"https:\/\/corrientesdetarde.com\/index.php\/wp-json\/wp\/v2\/posts\/72519\/revisions\/72521"}],"wp:featuredmedia":[{"embeddable":true,"href":"https:\/\/corrientesdetarde.com\/index.php\/wp-json\/wp\/v2\/media\/72520"}],"wp:attachment":[{"href":"https:\/\/corrientesdetarde.com\/index.php\/wp-json\/wp\/v2\/media?parent=72519"}],"wp:term":[{"taxonomy":"category","embeddable":true,"href":"https:\/\/corrientesdetarde.com\/index.php\/wp-json\/wp\/v2\/categories?post=72519"},{"taxonomy":"post_tag","embeddable":true,"href":"https:\/\/corrientesdetarde.com\/index.php\/wp-json\/wp\/v2\/tags?post=72519"}],"curies":[{"name":"wp","href":"https:\/\/api.w.org\/{rel}","templated":true}]}}