{"id":72535,"date":"2023-07-09T12:22:45","date_gmt":"2023-07-09T15:22:45","guid":{"rendered":"https:\/\/corrientesdetarde.com\/?p=72535"},"modified":"2023-07-09T12:23:07","modified_gmt":"2023-07-09T15:23:07","slug":"gobernador-valdes-el-9-de-julio-es-un-dia-de-unidad-para-todos-los-argentinos","status":"publish","type":"post","link":"https:\/\/corrientesdetarde.com\/index.php\/eventos\/gobernador-valdes-el-9-de-julio-es-un-dia-de-unidad-para-todos-los-argentinos\/","title":{"rendered":"Gobernador Vald\u00e9s: &#8220;El 9 de Julio es un d\u00eda de unidad para todos los argentinos&#8221;"},"content":{"rendered":"\n<p>Cerrando las actividades por el 207\u00b0 aniversario de la Independencia argentina, el gobernador Gustavo Vald\u00e9s presidi\u00f3 este domingo el desfile c\u00edvico-militar que se llev\u00f3 a cabo en la Costanera de Capital. All\u00ed, declar\u00f3 que esta fecha \u201ctiene que ser un d\u00eda de unidad para todos los argentinos\u201d.<\/p>\n\n\n\n<p>Al comp\u00e1s de las bandas de m\u00fasica de la Polic\u00eda, el Servicio Penitenciario y el Ej\u00e9rcito, desfilaron m\u00e1s de 2000 alumnos de 31 establecimientos educativos de la Capital, encabezados por sus abanderados y escoltas, y acompa\u00f1ados por sus docentes. Hicieron lo propio tambi\u00e9n fuerzas de seguridad y excombatientes de Malvinas de toda la provincia.<\/p>\n\n\n\n<figure class=\"wp-block-image size-large\"><img loading=\"lazy\" decoding=\"async\" width=\"1024\" height=\"683\" src=\"https:\/\/corrientesdetarde.com\/wp-content\/uploads\/2023\/07\/image-266-1024x683.png\" alt=\"\" class=\"wp-image-72542\" srcset=\"https:\/\/corrientesdetarde.com\/wp-content\/uploads\/2023\/07\/image-266-1024x683.png 1024w, https:\/\/corrientesdetarde.com\/wp-content\/uploads\/2023\/07\/image-266-300x200.png 300w, https:\/\/corrientesdetarde.com\/wp-content\/uploads\/2023\/07\/image-266-768x512.png 768w, https:\/\/corrientesdetarde.com\/wp-content\/uploads\/2023\/07\/image-266-1536x1024.png 1536w, https:\/\/corrientesdetarde.com\/wp-content\/uploads\/2023\/07\/image-266.png 1599w\" sizes=\"auto, (max-width: 1024px) 100vw, 1024px\" \/><\/figure>\n\n\n\n<p>\u201cEs un d\u00eda para rememorar ese gran esfuerzo que hicimos los argentinos en 1816, que nos pusimos de acuerdo para tener un horizonte com\u00fan, para poder decirle al mundo que queremos libertad y construir un pa\u00eds soberano\u201d, expres\u00f3 Vald\u00e9s tras el acto.<\/p>\n\n\n\n<p>Sintetizando, dijo que \u201cel 9 de Julio tiene que ser un d\u00eda de unidad para todos los argentinos\u201d y destac\u00f3 la participaci\u00f3n de la gente: \u201cA pesar de los problemas en el transporte, las familias de igual forma se vinieron hasta la Costanera\u201d.<\/p>\n\n\n\n<p>Sobre la Argentina del futuro, el gobernador expres\u00f3 su deseo de tener un pa\u00eds diferente \u201ccon trabajo, inversi\u00f3n y que todos pensemos c\u00f3mo mejorar nuestros productos y c\u00f3mo tener cada d\u00eda una patria mejor\u201d.<\/p>\n\n\n\n<figure class=\"wp-block-image size-large\"><img loading=\"lazy\" decoding=\"async\" width=\"1024\" height=\"683\" src=\"https:\/\/corrientesdetarde.com\/wp-content\/uploads\/2023\/07\/image-267-1024x683.png\" alt=\"\" class=\"wp-image-72543\" srcset=\"https:\/\/corrientesdetarde.com\/wp-content\/uploads\/2023\/07\/image-267-1024x683.png 1024w, https:\/\/corrientesdetarde.com\/wp-content\/uploads\/2023\/07\/image-267-300x200.png 300w, https:\/\/corrientesdetarde.com\/wp-content\/uploads\/2023\/07\/image-267-768x512.png 768w, https:\/\/corrientesdetarde.com\/wp-content\/uploads\/2023\/07\/image-267-1536x1024.png 1536w, https:\/\/corrientesdetarde.com\/wp-content\/uploads\/2023\/07\/image-267.png 1599w\" sizes=\"auto, (max-width: 1024px) 100vw, 1024px\" \/><\/figure>\n\n\n\n<p><strong>Establecimientos educativos participantes<\/strong><\/p>\n\n\n\n<p>Se cont\u00f3 con la participaci\u00f3n de la Escuela Regional de Agricultura, Ganader\u00eda e Industrias Afines; Instituto Privado San Jos\u00e9; Colegio Secundario Brigadier Gral. Pedro Ferr\u00e9; Instituto Salesiano Pio XI; Instituto \u201cMonse\u00f1or Roubineau; Colegio Privado \u201cSanta Ana\u201d; Colegio Secundario \u201cDr. Eloy Ortega\u201d; Centro Cultural Correntino; Colegio Secundario \u201cDr. Ren\u00e9 Favaloro\u201d; \u201cSaint Patrick\u201d College; Escuela \u201cGral. Manuel Belgrano\u201d; Escuela T\u00e9cnica Pedro Ferr\u00e9; Colegio Secundario Bartolom\u00e9 Mitre; Escuela T\u00e9cnica de Construcciones Portuarias y V\u00edas Navegables; Esc. Jos\u00e9 Armand; Inst. Nuevo Horizonte; Col. Inform\u00e1tico San Juan de Vera; Inst. Amanecer; Col. Sec John Kennedy; I.P.E.E.C.; Inst. San Benito; CENS N\u00b09; Col. Sec. San Cayetano; Col. Sec. Iber\u00e1; Esc. T\u00e9cnica UOCRA; Col. Sec. B\u00b0 P. Niveyro; Inst. Saint Martin; Esc. Dra. Telechea; Hospital San Francisco de As\u00eds; Club de Conquistadores y el ISEF.<\/p>\n\n\n\n<p><strong>Presencias<\/strong><\/p>\n\n\n\n<p>Acompa\u00f1aron tambi\u00e9n a Vald\u00e9s los ministros de Educaci\u00f3n, Pr\u00e1xedes L\u00f3pez; Desarrollo Social, Ad\u00e1n Gaya; de Justicia, Juan Jos\u00e9 L\u00f3pez Desimoni; de Seguridad, Buenaventura Duarte; de Ciencia y Tecnolog\u00eda, Jorge G\u00f3mez; Salud, Ricardo Cardozo; de Hacienda, Marcelo Rivas Piasentini; y de Industria, Mariel Gabur; legisladores nacionales y provinciales; el presidente de la C\u00e1mara de Diputados, Pedro Cassani; el intendente de Capital, Eduardo Tassano y su vice, Emilio Lanari; el presidente subrogante del Superior Tribunal de Justicia, Guillermo Sehman; autoridades municipales;<strong>&nbsp;<\/strong>el comandante de la Primera Divisi\u00f3n del Ej\u00e9rcito, Aldo Ferrari.<\/p>\n","protected":false},"excerpt":{"rendered":"<p>Cerrando las actividades por el 207\u00b0 aniversario de la Independencia argentina, el gobernador Gustavo Vald\u00e9s presidi\u00f3 este domingo el desfile c\u00edvico-militar que se llev\u00f3 a cabo en la Costanera de&hellip; <\/p>\n","protected":false},"author":1,"featured_media":72544,"comment_status":"closed","ping_status":"open","sticky":false,"template":"","format":"standard","meta":{"footnotes":""},"categories":[22],"tags":[],"class_list":["post-72535","post","type-post","status-publish","format-standard","has-post-thumbnail","hentry","category-eventos"],"_links":{"self":[{"href":"https:\/\/corrientesdetarde.com\/index.php\/wp-json\/wp\/v2\/posts\/72535","targetHints":{"allow":["GET"]}}],"collection":[{"href":"https:\/\/corrientesdetarde.com\/index.php\/wp-json\/wp\/v2\/posts"}],"about":[{"href":"https:\/\/corrientesdetarde.com\/index.php\/wp-json\/wp\/v2\/types\/post"}],"author":[{"embeddable":true,"href":"https:\/\/corrientesdetarde.com\/index.php\/wp-json\/wp\/v2\/users\/1"}],"replies":[{"embeddable":true,"href":"https:\/\/corrientesdetarde.com\/index.php\/wp-json\/wp\/v2\/comments?post=72535"}],"version-history":[{"count":1,"href":"https:\/\/corrientesdetarde.com\/index.php\/wp-json\/wp\/v2\/posts\/72535\/revisions"}],"predecessor-version":[{"id":72545,"href":"https:\/\/corrientesdetarde.com\/index.php\/wp-json\/wp\/v2\/posts\/72535\/revisions\/72545"}],"wp:featuredmedia":[{"embeddable":true,"href":"https:\/\/corrientesdetarde.com\/index.php\/wp-json\/wp\/v2\/media\/72544"}],"wp:attachment":[{"href":"https:\/\/corrientesdetarde.com\/index.php\/wp-json\/wp\/v2\/media?parent=72535"}],"wp:term":[{"taxonomy":"category","embeddable":true,"href":"https:\/\/corrientesdetarde.com\/index.php\/wp-json\/wp\/v2\/categories?post=72535"},{"taxonomy":"post_tag","embeddable":true,"href":"https:\/\/corrientesdetarde.com\/index.php\/wp-json\/wp\/v2\/tags?post=72535"}],"curies":[{"name":"wp","href":"https:\/\/api.w.org\/{rel}","templated":true}]}}