{"id":72536,"date":"2023-07-09T11:44:01","date_gmt":"2023-07-09T14:44:01","guid":{"rendered":"https:\/\/corrientesdetarde.com\/?p=72536"},"modified":"2023-07-09T11:44:06","modified_gmt":"2023-07-09T14:44:06","slug":"9-de-julio-dia-de-la-independencia","status":"publish","type":"post","link":"https:\/\/corrientesdetarde.com\/index.php\/cultura\/9-de-julio-dia-de-la-independencia\/","title":{"rendered":"9 de julio: D\u00eda de la Independencia"},"content":{"rendered":"\n<p>El 9 de julio de 1816, el Congreso de Tucum\u00e1n, integrado por representantes de las Provincias Unidas del R\u00edo de la Plata, declar\u00f3 la Independencia. Ese d\u00eda, las manifestaciones populares se concentraron en los alrededores de la Casa de Tucum\u00e1n coreando \u201cViva la Patria\u201d. La sesi\u00f3n se extendi\u00f3 hasta altas horas de la noche, por lo que los festejos se llevaron a cabo al d\u00eda siguiente. Esta hecho hist\u00f3rico determin\u00f3 la ruptura definitiva de la dependencia pol\u00edtica a la corona espa\u00f1ola completando as\u00ed el proceso revolucionario que comenz\u00f3 el 25 de mayo de 1810.<\/p>\n\n\n\n<p>Debido a los problemas que exist\u00edan en las mismas Provincias Unidas el congreso se realiz\u00f3 en Tucum\u00e1n. All\u00ed los diputados retomaron las relaciones rompiendo \u201clos violentos v\u00ednculos que las ligaban a los reyes de Espa\u00f1a\u201d para ser \u201cuna naci\u00f3n libre e independiente del rey Fernando VII, sus sucesores y metr\u00f3poli\u201d. Agregando d\u00edas despu\u00e9s a esta declaraci\u00f3n \u201cy de toda otra dominaci\u00f3n extranjera\u201d, despejando cualquier especulaci\u00f3n sobre el posible sometimiento al rey de Portugal.<\/p>\n\n\n\n<p>El 10 de julio se organiz\u00f3 una fiesta exclusiva, que comenz\u00f3 a las nueve de la ma\u00f1ana con una misa en el templo de San Francisco donde asistieron los principales referentes de la sociedad tucumana. El 21 de julio lleg\u00f3 el d\u00eda de la fiesta popular, en la que hombres, mujeres y ni\u00f1os fueron convocados a un acto en el Campo de Carreras. Este sitio ten\u00eda una importancia simb\u00f3lica porque all\u00ed ocurri\u00f3 la Batalla de Tucum\u00e1n. Esta celebraci\u00f3n constituy\u00f3 la primera apropiaci\u00f3n del proceso revolucionario por parte de la comunidad, donde Manuel Belgrano y el gobernador Araoz brindaron sus primeros discursos valorando el patriotismo de los combatientes y convocando el apoyo del pueblo.<\/p>\n\n\n\n<p>Respecto a la historia de los festejos, en cuanto asumi\u00f3 Bernardino Rivadavia el 6 de julio de 1826 fueron suprimidos y posteriormente restaurados por Juan Manuel de Rosas el 11 de junio de 1835 por decreto. Cuando se cumplieron 50 a\u00f1os, el 9 de julio de 1866 se estaba librando la Guerra de la Triple Alianza por lo que tampoco hubo festejos. En el centenario, 1916, en medio de la Primera Guerra Mundial (1914-1918), el Atl\u00e1ntico estaba cerrado y no vinieron invitados internacionales. El presidente Victorino de la Plaza ni siquiera asisti\u00f3 a los festejos en Tucum\u00e1n y mand\u00f3 a Saavedra Lamas como delegado. Para el sesquicentenario en 1966, el presidente Illia preparaba una gran celebraci\u00f3n, pero el 28 de junio de ese a\u00f1o se produjo el golpe de estado del general Juan Carlos Ongan\u00eda. No vino nadie del exterior, y la celebraci\u00f3n fue un desfile militar por la Avenida Libertador.<\/p>\n\n\n\n<figure class=\"wp-block-image\"><img decoding=\"async\" src=\"https:\/\/www.argentina.gob.ar\/sites\/default\/files\/acuarela_9_de_julio_de_1816.jpg\" alt=\"\"\/><\/figure>\n\n\n\n<p><strong><em>9 de Julio de 1816. Patrimonio del Museo Hist\u00f3rico Nacional<\/em><\/strong><\/p>\n\n\n\n<h1 class=\"wp-block-heading\">Patrimonio conmemorativo<\/h1>\n\n\n\n<p>El&nbsp;<a href=\"https:\/\/museohistoriconacional.cultura.gob.ar\/\" target=\"_blank\" rel=\"noreferrer noopener\">Museo Hist\u00f3rico Nacional<\/a>&nbsp;cuenta con algunas piezas que rememoran la gesta de la Independencia. Entre ellas, la acuarela&nbsp;<strong><em>9 de Julio de 1816<\/em><\/strong>&nbsp;realizada por Antonio Gonz\u00e1lez Moreno en 1941 recreando el momento de la sesi\u00f3n. Entre las figuras m\u00e1s notorias aparecen, en el centro, el presidente Narciso Francisco de Laprida; el secretario Juan Jos\u00e9 Paso (encorvado y leyendo el acta) y Fray Justo Santa Mar\u00eda del Oro. Entre estos dos, mira de frente Mariano Boedo.<\/p>\n\n\n\n<p>Adem\u00e1s, desde la izquierda aparecen Jos\u00e9 Darregueira y Pedro Ignacio de Castro Barros. De espaldas, con uniforme militar y el bicornio en alto, Jos\u00e9 Ignacio Gorriti. En el bloque de la derecha, se distingue a Tom\u00e1s Godoy Cruz; Tom\u00e1s Manuel de Anchorena, de perfil, con sombrero y bast\u00f3n en la mano. En su hombro se apoya Pedro Medrano. Detr\u00e1s suyo, Pedro Ignacio de Rivera y Fray Cayetano Rodr\u00edguez. Asidos a los barrotes de la ventana, Eduardo P\u00e9rez Bulnes y Mariano S\u00e1nchez de Loria. Sobre el \u00e1ngulo izquierdo, Antonio S\u00e1enz habla a don Esteban Agust\u00edn Gasc\u00f3n (Fuente: Carlos P\u00e1ez de la Torre (h), La Gaceta, 6 de mayo de 2013).<\/p>\n\n\n\n<figure class=\"wp-block-image\"><img decoding=\"async\" src=\"https:\/\/www.argentina.gob.ar\/sites\/default\/files\/9258433518_b00386825b_c.jpg\" alt=\"\"\/><\/figure>\n\n\n\n<p><strong><em>Escriban\u00eda de plata. Patrimonio Museo Hist\u00f3rico Nacional<\/em><\/strong><\/p>\n\n\n\n<p>Tambi\u00e9n el MHN cuenta en su patrimonio con la escriban\u00eda de plata que don\u00f3 la familia del diputado por Jujuy, Teodoro S\u00e1nchez de Bustamante, que se utiliz\u00f3 para firmar el Acta de la Independencia. La carta de donaci\u00f3n dice que este tintero \u201cfue usado por los diputados\u201d en el Congreso de Tucum\u00e1n. En la&nbsp;<a href=\"https:\/\/casadelaindependencia.cultura.gob.ar\/\" target=\"_blank\" rel=\"noreferrer noopener\">Casa Hist\u00f3rica Museo. Nacional de la Independencia<\/a>&nbsp;puede verse el retrato del diputado S\u00e1nchez de Bustamante junto con el de los dem\u00e1s congresales en el sal\u00f3n donde se us\u00f3 la escriban\u00eda.<\/p>\n\n\n\n<h1 class=\"wp-block-heading\">Casa de Tucum\u00e1n renovada y festejos<\/h1>\n\n\n\n<p>Desde el 9 de julio la Casa Hist\u00f3rica de Tucum\u00e1n exhibir\u00e1 la renovaci\u00f3n integral de toda la museograf\u00eda y la museolog\u00eda con un guion m\u00e1s inclusivo. Adem\u00e1s de sumar nuevos espacios, inaugurando la sala de bienvenida, el espacio donde se cuenta la historia de la Casa y el sal\u00f3n de la Jura renovado con las actas en quechua y en aymara. A su vez se incorpor\u00f3 nueva tecnolog\u00eda como el c\u00f3digo QR para escuchar la lectura de las actas, im\u00e1genes en 3D, audiovisuales y tabletas con realidad aumentada. En cuanto a la infraestructura edilicia, la Casa incorpor\u00f3 rampas de accesibilidad, mejor\u00f3 los techos de la galer\u00eda de placas, renov\u00f3 los ba\u00f1os y construy\u00f3 un nuevo edificio en el tercer patio.<\/p>\n\n\n\n<p>Entre las actividades por los festejos del D\u00eda de la Independencia, en el&nbsp;<a href=\"https:\/\/www.cck.gob.ar\/\" target=\"_blank\" rel=\"noreferrer noopener\">Centro Cultural Kirchner<\/a>&nbsp;se llevar\u00e1 a cabo el concierto&nbsp;<strong><em>Tucum\u00e1n. Canto de amor y llanto por la tierra de uno<\/em><\/strong>&nbsp;con la participaci\u00f3n de&nbsp;<strong>Juan Fal\u00fa<\/strong>&nbsp;y&nbsp;<strong>N\u00e9stor Soria<\/strong>. Los m\u00fasicos estar\u00e1n acompa\u00f1ados por la pianista&nbsp;<strong>Lili\u00e1n Saba<\/strong>; la cantante&nbsp;<strong>Liliana Herrero<\/strong>&nbsp;y una serie de m\u00fasicos solistas. Tambi\u00e9n se presentar\u00e1 el&nbsp;<strong>Ensamble de Cuerdas de la Orquesta Filarm\u00f3nica de R\u00edo Negro<\/strong>, bajo la batuta de Mart\u00edn&nbsp;<strong>Fraile Milstein<\/strong>; el&nbsp;<strong>Coro Polif\u00f3nico de la Municipalidad de San Mart\u00edn<\/strong>&nbsp;y el&nbsp;<strong>Coral Joven de la Sociedad Alemana de Villa Ballester<\/strong>&nbsp;dirigidos por&nbsp;<strong>Federico De Ferrari<\/strong>. El evento ser\u00e1 a las 20 h en el Auditorio Nacional con reserva previa, y ser\u00e1 transmitido a trav\u00e9s de&nbsp;<a href=\"blank:https:\/\/www.youtube.com\/channel\/UCgeJ2J9pBmuTyNHCwHh1WvA\">YouTube<\/a>&nbsp;y por radio&nbsp;<a href=\"blank:https:\/\/www.cck.gob.ar\/sonido-cultura\/\">Sonido Cultura<\/a>.<\/p>\n\n\n\n<p>En el Cabildo, a las 14 h, la compa\u00f1\u00eda teatral&nbsp;<strong>Republiquetas<\/strong>&nbsp;representar\u00e1 la obra&nbsp;<strong><em>1816 &#8211; un a\u00f1o Terrible<\/em><\/strong>&nbsp;de Francisco Civit y Gabriel Yeannoteguy con entrada libre y gratuita; mientras que en el Museo Hist\u00f3rico Nacional, a las 12 h, se presentar\u00e1 la&nbsp;<strong>Fanfarria Militar Alto Per\u00fa<\/strong>&nbsp;del&nbsp;<strong>Regimiento de Granaderos a Caballo General San Mart\u00edn<\/strong>&nbsp;interpretando un amplio repertorio del cancionero popular.<\/p>\n\n\n\n<p><strong>Fuentes<\/strong>: Carlos P\u00e1ez de la Torre (h), La Gaceta, 6 de mayo de 2013; Museo Hist\u00f3rico Nacional.<\/p>\n","protected":false},"excerpt":{"rendered":"<p>El 9 de julio de 1816, el Congreso de Tucum\u00e1n, integrado por representantes de las Provincias Unidas del R\u00edo de la Plata, declar\u00f3 la Independencia. Ese d\u00eda, las manifestaciones populares&hellip; <\/p>\n","protected":false},"author":1,"featured_media":72540,"comment_status":"closed","ping_status":"open","sticky":false,"template":"","format":"standard","meta":{"footnotes":""},"categories":[15],"tags":[],"class_list":["post-72536","post","type-post","status-publish","format-standard","has-post-thumbnail","hentry","category-cultura"],"_links":{"self":[{"href":"https:\/\/corrientesdetarde.com\/index.php\/wp-json\/wp\/v2\/posts\/72536","targetHints":{"allow":["GET"]}}],"collection":[{"href":"https:\/\/corrientesdetarde.com\/index.php\/wp-json\/wp\/v2\/posts"}],"about":[{"href":"https:\/\/corrientesdetarde.com\/index.php\/wp-json\/wp\/v2\/types\/post"}],"author":[{"embeddable":true,"href":"https:\/\/corrientesdetarde.com\/index.php\/wp-json\/wp\/v2\/users\/1"}],"replies":[{"embeddable":true,"href":"https:\/\/corrientesdetarde.com\/index.php\/wp-json\/wp\/v2\/comments?post=72536"}],"version-history":[{"count":1,"href":"https:\/\/corrientesdetarde.com\/index.php\/wp-json\/wp\/v2\/posts\/72536\/revisions"}],"predecessor-version":[{"id":72541,"href":"https:\/\/corrientesdetarde.com\/index.php\/wp-json\/wp\/v2\/posts\/72536\/revisions\/72541"}],"wp:featuredmedia":[{"embeddable":true,"href":"https:\/\/corrientesdetarde.com\/index.php\/wp-json\/wp\/v2\/media\/72540"}],"wp:attachment":[{"href":"https:\/\/corrientesdetarde.com\/index.php\/wp-json\/wp\/v2\/media?parent=72536"}],"wp:term":[{"taxonomy":"category","embeddable":true,"href":"https:\/\/corrientesdetarde.com\/index.php\/wp-json\/wp\/v2\/categories?post=72536"},{"taxonomy":"post_tag","embeddable":true,"href":"https:\/\/corrientesdetarde.com\/index.php\/wp-json\/wp\/v2\/tags?post=72536"}],"curies":[{"name":"wp","href":"https:\/\/api.w.org\/{rel}","templated":true}]}}