{"id":72547,"date":"2023-07-09T12:26:34","date_gmt":"2023-07-09T15:26:34","guid":{"rendered":"https:\/\/corrientesdetarde.com\/?p=72547"},"modified":"2023-07-09T12:27:04","modified_gmt":"2023-07-09T15:27:04","slug":"corrientes-celebra-a-su-madre-la-virgen-de-itati","status":"publish","type":"post","link":"https:\/\/corrientesdetarde.com\/index.php\/cultura\/corrientes-celebra-a-su-madre-la-virgen-de-itati\/","title":{"rendered":"Corrientes celebra a su madre, la Virgen de Itat\u00ed"},"content":{"rendered":"\n<p>En el inicio del 9 de julio se realiz\u00f3 el saludo a la imagen de la Virgen de Itat\u00ed, que fue sacada en andas por sus custodios. Los cientos de feligreses saludaron el paso de la sagrada imagen con pa\u00f1uelos y manos en alto. Luego se cant\u00f3 el Himno a la Virgen de Itat\u00ed y las estrofas del Himno Nacional Argentino. Despu\u00e9s el rector del Santuario, padre Porfirio Ram\u00edrez imparti\u00f3 la bendici\u00f3n.<\/p>\n","protected":false},"excerpt":{"rendered":"<p>En el inicio del 9 de julio se realiz\u00f3 el saludo a la imagen de la Virgen de Itat\u00ed, que fue sacada en andas por sus custodios. Los cientos de&hellip; <\/p>\n","protected":false},"author":1,"featured_media":72548,"comment_status":"closed","ping_status":"open","sticky":false,"template":"","format":"standard","meta":{"footnotes":""},"categories":[15],"tags":[],"class_list":["post-72547","post","type-post","status-publish","format-standard","has-post-thumbnail","hentry","category-cultura"],"_links":{"self":[{"href":"https:\/\/corrientesdetarde.com\/index.php\/wp-json\/wp\/v2\/posts\/72547","targetHints":{"allow":["GET"]}}],"collection":[{"href":"https:\/\/corrientesdetarde.com\/index.php\/wp-json\/wp\/v2\/posts"}],"about":[{"href":"https:\/\/corrientesdetarde.com\/index.php\/wp-json\/wp\/v2\/types\/post"}],"author":[{"embeddable":true,"href":"https:\/\/corrientesdetarde.com\/index.php\/wp-json\/wp\/v2\/users\/1"}],"replies":[{"embeddable":true,"href":"https:\/\/corrientesdetarde.com\/index.php\/wp-json\/wp\/v2\/comments?post=72547"}],"version-history":[{"count":1,"href":"https:\/\/corrientesdetarde.com\/index.php\/wp-json\/wp\/v2\/posts\/72547\/revisions"}],"predecessor-version":[{"id":72549,"href":"https:\/\/corrientesdetarde.com\/index.php\/wp-json\/wp\/v2\/posts\/72547\/revisions\/72549"}],"wp:featuredmedia":[{"embeddable":true,"href":"https:\/\/corrientesdetarde.com\/index.php\/wp-json\/wp\/v2\/media\/72548"}],"wp:attachment":[{"href":"https:\/\/corrientesdetarde.com\/index.php\/wp-json\/wp\/v2\/media?parent=72547"}],"wp:term":[{"taxonomy":"category","embeddable":true,"href":"https:\/\/corrientesdetarde.com\/index.php\/wp-json\/wp\/v2\/categories?post=72547"},{"taxonomy":"post_tag","embeddable":true,"href":"https:\/\/corrientesdetarde.com\/index.php\/wp-json\/wp\/v2\/tags?post=72547"}],"curies":[{"name":"wp","href":"https:\/\/api.w.org\/{rel}","templated":true}]}}