{"id":72553,"date":"2023-07-09T14:29:53","date_gmt":"2023-07-09T17:29:53","guid":{"rendered":"https:\/\/corrientesdetarde.com\/?p=72553"},"modified":"2023-07-09T14:29:59","modified_gmt":"2023-07-09T17:29:59","slug":"escuela-de-atletismo-una-de-las-propuestas-para-los-chicos-en-este-receso-de-invierno","status":"publish","type":"post","link":"https:\/\/corrientesdetarde.com\/index.php\/deportes\/escuela-de-atletismo-una-de-las-propuestas-para-los-chicos-en-este-receso-de-invierno\/","title":{"rendered":"Escuela de atletismo, una de las propuestas para los chicos en este receso de invierno"},"content":{"rendered":"\n<figure class=\"wp-block-image size-large\"><img loading=\"lazy\" decoding=\"async\" width=\"1024\" height=\"682\" src=\"https:\/\/corrientesdetarde.com\/wp-content\/uploads\/2023\/07\/image-268-1024x682.png\" alt=\"\" class=\"wp-image-72554\" srcset=\"https:\/\/corrientesdetarde.com\/wp-content\/uploads\/2023\/07\/image-268-1024x682.png 1024w, https:\/\/corrientesdetarde.com\/wp-content\/uploads\/2023\/07\/image-268-300x200.png 300w, https:\/\/corrientesdetarde.com\/wp-content\/uploads\/2023\/07\/image-268-768x512.png 768w, https:\/\/corrientesdetarde.com\/wp-content\/uploads\/2023\/07\/image-268.png 1280w\" sizes=\"auto, (max-width: 1024px) 100vw, 1024px\" \/><\/figure>\n\n\n\n<p><\/p>\n\n\n\n<p><em>El parque Camb\u00e1 Cu\u00e1 es el epicentro, los s\u00e1bados de julio, de una interesante propuesta deportiva gratuita organizada por la Municipalidad para incentivar a los m\u00e1s peque\u00f1os a jugar y aprender distintas disciplinas deportivas. La actividad comenz\u00f3 este 8 de julio y se repetir\u00e1 el 15 y 22, desde las 17.<\/em><br>&nbsp;<\/p>\n\n\n\n<p>Como parte de las acciones tendientes a incentivar a los chicos, desde peque\u00f1os, a realizar alguna actividad f\u00edsica y, teniendo en cuenta el inicio del receso invernal, la Municipalidad de Corrientes promueve una &#8220;Escuela de Atletismo&#8221;, que comenz\u00f3 este s\u00e1bado y se realizar\u00e1 los siguientes dos, en el parque Camb\u00e1 Cu\u00e1, para ni\u00f1os y ni\u00f1as de 4 a 12 a\u00f1os.&nbsp;<br><br>Los vecinos podr\u00e1n acercarse al paseo p\u00fablico con sus ni\u00f1os para que conozca m\u00e1s sobre la pr\u00e1ctica de un conjunto de ejercicios que forman parte del atletismo. Formar\u00e1n parte de una escuela donde aprender\u00e1n de manera totalmente gratuita y con personal especializado sobre la marcha, la carrera, los saltos y los lanzamientos.<br><br>En este marco, incentivando la iniciaci\u00f3n deportiva, desde la secretar\u00eda de Turismo y Deportes, a cargo de Juan Enrique Braillard Poccard, en forma conjunta con \u201cCorrientes Corre\u201d, est\u00e1n preparando para el pr\u00f3ximo s\u00e1bado, desde las 17, una actividad de Cross Country.<br><br>El subsecretario de Desarrollo Deportivo y Grandes Eventos, Mat\u00edas Bocal\u00f3n, explic\u00f3 sobre esta escuela que, lo que se pretende es mostrar que hay otras actividades deportivas adem\u00e1s de las m\u00e1s conocidas como ser f\u00fatbol o b\u00e1squet. Adem\u00e1s, destac\u00f3 que \u201cla motricidad en los chicos de esta edad, sobre todo, los m\u00e1s chiquititos es s\u00faper importante as\u00ed que ac\u00e1 estamos disfrutando de esta iniciaci\u00f3n en atletismo\u201d.<br><br>El atletismo es la pr\u00e1ctica de un conjunto de ejercicios corporales basados en los gestos naturales del hombre, como son la marcha, la carrera, los saltos y los lanzamientos, siendo el deporte m\u00e1s completo y en el cual el desarrollo f\u00edsico se realiza con una mayor proporci\u00f3n. Por ello se convierte en una actividad f\u00edsica muy completa.<br><br>Es por ello que, en esta oportunidad, mientras algunos padres disfrutaban el s\u00e1bado a la tarde tomando mate o se acomodaban en una silleta, los chicos se fueron acercando y fueron invitados por los profesores a formar parte de esta \u201cEscuela de Atletismo\u201d que se volver\u00e1 a repetir los d\u00edas 15 y 22 de julio.<br><br>\u201cEl segundo s\u00e1bado va a haber una especie de carrera Cross Country y, para cerrar la actividad deportiva veremos un poco de lanzamiento, de carrera de obst\u00e1culo y otras actividades m\u00e1s\u201d, adelant\u00f3 el subsecretario de Desarrollo Deportivo y Grandes Eventos.<br><br>Por su parte, el profesor Alejandro \u00c1valos agreg\u00f3: \u201cLa idea de la Municipalidad, es poder brindar un espacio gratuito para que los chicos hagan una actividad diferente, sabemos que tenemos mucho talento ac\u00e1 en la ciudad y en la provincia y por ello queremos traer el mini atletismo que es correr, saltar y lanzar, todo esto a partir del juego para que los chicos se motiven a hacer y practicar deportes\u201d.<br><br>Por supuesto, todos los chicos van a tener premiaci\u00f3n y trofeos para incentivar tambi\u00e9n el esfuerzo y el apoyo familiar reflejado en los que se acercaron este s\u00e1bado y quienes lo hagan los pr\u00f3ximos dos.<\/p>\n\n\n\n<p><\/p>\n\n\n\n<figure class=\"wp-block-image size-large\"><img loading=\"lazy\" decoding=\"async\" width=\"1024\" height=\"682\" src=\"https:\/\/corrientesdetarde.com\/wp-content\/uploads\/2023\/07\/image-269-1024x682.png\" alt=\"\" class=\"wp-image-72555\" srcset=\"https:\/\/corrientesdetarde.com\/wp-content\/uploads\/2023\/07\/image-269-1024x682.png 1024w, https:\/\/corrientesdetarde.com\/wp-content\/uploads\/2023\/07\/image-269-300x200.png 300w, https:\/\/corrientesdetarde.com\/wp-content\/uploads\/2023\/07\/image-269-768x512.png 768w, https:\/\/corrientesdetarde.com\/wp-content\/uploads\/2023\/07\/image-269.png 1280w\" sizes=\"auto, (max-width: 1024px) 100vw, 1024px\" \/><\/figure>\n\n\n\n<p><\/p>\n\n\n\n<p><\/p>\n\n\n\n<figure class=\"wp-block-image size-large\"><img loading=\"lazy\" decoding=\"async\" width=\"1024\" height=\"682\" src=\"https:\/\/corrientesdetarde.com\/wp-content\/uploads\/2023\/07\/image-270-1024x682.png\" alt=\"\" class=\"wp-image-72556\" srcset=\"https:\/\/corrientesdetarde.com\/wp-content\/uploads\/2023\/07\/image-270-1024x682.png 1024w, https:\/\/corrientesdetarde.com\/wp-content\/uploads\/2023\/07\/image-270-300x200.png 300w, https:\/\/corrientesdetarde.com\/wp-content\/uploads\/2023\/07\/image-270-768x512.png 768w, https:\/\/corrientesdetarde.com\/wp-content\/uploads\/2023\/07\/image-270.png 1280w\" sizes=\"auto, (max-width: 1024px) 100vw, 1024px\" \/><\/figure>\n","protected":false},"excerpt":{"rendered":"<p>El parque Camb\u00e1 Cu\u00e1 es el epicentro, los s\u00e1bados de julio, de una interesante propuesta deportiva gratuita organizada por la Municipalidad para incentivar a los m\u00e1s peque\u00f1os a jugar y&hellip; <\/p>\n","protected":false},"author":1,"featured_media":72557,"comment_status":"closed","ping_status":"open","sticky":false,"template":"","format":"standard","meta":{"footnotes":""},"categories":[4],"tags":[],"class_list":["post-72553","post","type-post","status-publish","format-standard","has-post-thumbnail","hentry","category-deportes"],"_links":{"self":[{"href":"https:\/\/corrientesdetarde.com\/index.php\/wp-json\/wp\/v2\/posts\/72553","targetHints":{"allow":["GET"]}}],"collection":[{"href":"https:\/\/corrientesdetarde.com\/index.php\/wp-json\/wp\/v2\/posts"}],"about":[{"href":"https:\/\/corrientesdetarde.com\/index.php\/wp-json\/wp\/v2\/types\/post"}],"author":[{"embeddable":true,"href":"https:\/\/corrientesdetarde.com\/index.php\/wp-json\/wp\/v2\/users\/1"}],"replies":[{"embeddable":true,"href":"https:\/\/corrientesdetarde.com\/index.php\/wp-json\/wp\/v2\/comments?post=72553"}],"version-history":[{"count":1,"href":"https:\/\/corrientesdetarde.com\/index.php\/wp-json\/wp\/v2\/posts\/72553\/revisions"}],"predecessor-version":[{"id":72558,"href":"https:\/\/corrientesdetarde.com\/index.php\/wp-json\/wp\/v2\/posts\/72553\/revisions\/72558"}],"wp:featuredmedia":[{"embeddable":true,"href":"https:\/\/corrientesdetarde.com\/index.php\/wp-json\/wp\/v2\/media\/72557"}],"wp:attachment":[{"href":"https:\/\/corrientesdetarde.com\/index.php\/wp-json\/wp\/v2\/media?parent=72553"}],"wp:term":[{"taxonomy":"category","embeddable":true,"href":"https:\/\/corrientesdetarde.com\/index.php\/wp-json\/wp\/v2\/categories?post=72553"},{"taxonomy":"post_tag","embeddable":true,"href":"https:\/\/corrientesdetarde.com\/index.php\/wp-json\/wp\/v2\/tags?post=72553"}],"curies":[{"name":"wp","href":"https:\/\/api.w.org\/{rel}","templated":true}]}}