{"id":72563,"date":"2023-07-09T15:54:51","date_gmt":"2023-07-09T18:54:51","guid":{"rendered":"https:\/\/corrientesdetarde.com\/?p=72563"},"modified":"2023-07-09T15:55:13","modified_gmt":"2023-07-09T18:55:13","slug":"con-fervor-patrio-el-vicegobernador-participo-de-los-actos-en-el-dia-de-la-independencia","status":"publish","type":"post","link":"https:\/\/corrientesdetarde.com\/index.php\/locales\/con-fervor-patrio-el-vicegobernador-participo-de-los-actos-en-el-dia-de-la-independencia\/","title":{"rendered":"Con fervor patrio, el Vicegobernador particip\u00f3 de los actos en el D\u00eda de la Independencia"},"content":{"rendered":"\n<p>Se conmemora hoy el 207 aniversario de la Declaraci\u00f3n de la Independencia y en Corrientes se concretaron los actos oficiales, de los que particip\u00f3 el vicegobernador, Pedro Braillard Poccard, quien acompa\u00f1\u00f3 el izamiento del pabell\u00f3n nacional y la colocaci\u00f3n de ofrendas florales que se realizaron esta ma\u00f1ana en la plaza 25 de Mayo al pie del monumento al General San Mar\u00edn, art\u00edfice de la libertad de los pueblos latinoamericanos y el resto de las actividades conmemorativas.<br>Respecto de esta fecha tan cara a los sentimientos de correntinos, se refiri\u00f3 el Vicegobernador: \u201cDebemos rendir homenaje a aquellos compatriotas que hace m\u00e1s de dos siglos, pusieron todo de s\u00ed, para crear una nueva Naci\u00f3n\u201d, y agreg\u00f3: \u201ces una alegr\u00eda participar de los actos por el D\u00eda de la Independencia. Me habr\u00e1n escuchado muchas veces se\u00f1alar y hoy lo reivindico: los s\u00edmbolos y las fechas patrias sirven para reafirmar no solamente nuestra identidad y nuestro origen sino nuestro futuro\u201d.<br>\u201cCuando veo tantos estudiantes participando de los desfiles reafirmo el compromiso de que como funcionarios y adultos responsables tenemos que dejarles el mejor futuro posible. Siempre insisto a los adolescentes, sobre todo a los mayores de 16 a\u00f1os, que ellos tienen la oportunidad de participar activamente de empezar a ser protagonistas desde ahora para su futuro. Esa herramienta con la que hoy cuentan que es el voto que mi generaci\u00f3n no ten\u00eda es sumamente importante; estos 40 a\u00f1os de democracia parecen normales, pero no lo son en la historia argentina, eso hay que cuidarlo, preservarlo y protegerlo todos los d\u00edas y estas fiestas patrias precisamente sirven para eso\u201d.<br>Vale destacar que la jornada festiva inici\u00f3 con el tradicional toque de Diana de Gloria interpretado por la Banda de M\u00fasica de la Polic\u00eda de Corrientes, vistiendo el uniforme de los Cazadores Correntinos, frente a la residencia oficial del gobernador, Gustavo Vald\u00e9s, en la costanera General San Mart\u00edn, tras lo cual las autoridades se trasladaron a la plaza 25 de Mayo.<br>A continuaci\u00f3n, se comparti\u00f3 el chocolate patrio en Casa de Gobierno, para asistir luego al tradicional, Te Deum en la iglesia Nuestra Se\u00f1ora de la Merced presidido por el arzobispo de Corrientes, monse\u00f1or Andr\u00e9s Stanovnik. Tras la celebraci\u00f3n eucar\u00edstica se la comitiva gubernamental se traslad\u00f3 hasta la intersecci\u00f3n de la avenida Costanera y 3 de Abril para presenciar el desfile c\u00edvico &#8211; militar del que participaron 2.000 estudiantes de 31 establecimientos educativos y fuerzas de seguridad provinciales nacionales y municipales.<\/p>\n\n\n\n<figure class=\"wp-block-image size-large\"><img loading=\"lazy\" decoding=\"async\" width=\"1024\" height=\"683\" src=\"https:\/\/corrientesdetarde.com\/wp-content\/uploads\/2023\/07\/WhatsApp-Image-2023-07-09-at-15.42.35-1024x683.jpg\" alt=\"\" class=\"wp-image-72564\" srcset=\"https:\/\/corrientesdetarde.com\/wp-content\/uploads\/2023\/07\/WhatsApp-Image-2023-07-09-at-15.42.35-1024x683.jpg 1024w, https:\/\/corrientesdetarde.com\/wp-content\/uploads\/2023\/07\/WhatsApp-Image-2023-07-09-at-15.42.35-300x200.jpg 300w, https:\/\/corrientesdetarde.com\/wp-content\/uploads\/2023\/07\/WhatsApp-Image-2023-07-09-at-15.42.35-768x512.jpg 768w, https:\/\/corrientesdetarde.com\/wp-content\/uploads\/2023\/07\/WhatsApp-Image-2023-07-09-at-15.42.35-1536x1024.jpg 1536w, https:\/\/corrientesdetarde.com\/wp-content\/uploads\/2023\/07\/WhatsApp-Image-2023-07-09-at-15.42.35.jpg 1599w\" sizes=\"auto, (max-width: 1024px) 100vw, 1024px\" \/><\/figure>\n","protected":false},"excerpt":{"rendered":"<p>Se conmemora hoy el 207 aniversario de la Declaraci\u00f3n de la Independencia y en Corrientes se concretaron los actos oficiales, de los que particip\u00f3 el vicegobernador, Pedro Braillard Poccard, quien&hellip; <\/p>\n","protected":false},"author":1,"featured_media":72565,"comment_status":"closed","ping_status":"open","sticky":false,"template":"","format":"standard","meta":{"footnotes":""},"categories":[8],"tags":[],"class_list":["post-72563","post","type-post","status-publish","format-standard","has-post-thumbnail","hentry","category-locales"],"_links":{"self":[{"href":"https:\/\/corrientesdetarde.com\/index.php\/wp-json\/wp\/v2\/posts\/72563","targetHints":{"allow":["GET"]}}],"collection":[{"href":"https:\/\/corrientesdetarde.com\/index.php\/wp-json\/wp\/v2\/posts"}],"about":[{"href":"https:\/\/corrientesdetarde.com\/index.php\/wp-json\/wp\/v2\/types\/post"}],"author":[{"embeddable":true,"href":"https:\/\/corrientesdetarde.com\/index.php\/wp-json\/wp\/v2\/users\/1"}],"replies":[{"embeddable":true,"href":"https:\/\/corrientesdetarde.com\/index.php\/wp-json\/wp\/v2\/comments?post=72563"}],"version-history":[{"count":1,"href":"https:\/\/corrientesdetarde.com\/index.php\/wp-json\/wp\/v2\/posts\/72563\/revisions"}],"predecessor-version":[{"id":72566,"href":"https:\/\/corrientesdetarde.com\/index.php\/wp-json\/wp\/v2\/posts\/72563\/revisions\/72566"}],"wp:featuredmedia":[{"embeddable":true,"href":"https:\/\/corrientesdetarde.com\/index.php\/wp-json\/wp\/v2\/media\/72565"}],"wp:attachment":[{"href":"https:\/\/corrientesdetarde.com\/index.php\/wp-json\/wp\/v2\/media?parent=72563"}],"wp:term":[{"taxonomy":"category","embeddable":true,"href":"https:\/\/corrientesdetarde.com\/index.php\/wp-json\/wp\/v2\/categories?post=72563"},{"taxonomy":"post_tag","embeddable":true,"href":"https:\/\/corrientesdetarde.com\/index.php\/wp-json\/wp\/v2\/tags?post=72563"}],"curies":[{"name":"wp","href":"https:\/\/api.w.org\/{rel}","templated":true}]}}