{"id":72568,"date":"2023-07-09T18:17:35","date_gmt":"2023-07-09T21:17:35","guid":{"rendered":"https:\/\/corrientesdetarde.com\/?p=72568"},"modified":"2023-07-09T18:17:39","modified_gmt":"2023-07-09T21:17:39","slug":"sigue-el-paro-de-colectivos-hasta-el-lunes","status":"publish","type":"post","link":"https:\/\/corrientesdetarde.com\/index.php\/informacion-general\/sigue-el-paro-de-colectivos-hasta-el-lunes\/","title":{"rendered":"Sigue el paro de colectivos hasta el lunes."},"content":{"rendered":"\n<h2 class=\"wp-block-heading\">La medida de fuerza afecta a los servicios de corta y media distancia.<\/h2>\n\n\n\n<p>La Uni\u00f3n Tranviarios Automotor (UTA) de Corrientes anunci\u00f3 que el paro de servicios de transportes p\u00fablicos continuar\u00e1 durante la jornada del domingo y el lunes.<\/p>\n\n\n\n<p>Este s\u00e1bado, Jos\u00e9 Luis Sabao, referente de la UTA Corrientes, confirm\u00f3 que el paro de servicios seguir\u00e1 el d\u00eda domingo y se extender\u00e1 hasta el d\u00eda lunes.<\/p>\n\n\n\n<p>Tras varias semanas de negociaci\u00f3n entre la UTA, las empresas y a nivel nacional, el gremio se adhiri\u00f3 al paro nacional de colectivos previsto, lo que resultar\u00e1 en la suspensi\u00f3n del servicio de colectivos de corta y media distancia en Corrientes.<\/p>\n\n\n\n<p>El gremio que representa a los choferes de colectivos en Corrientes se suma a la medida nacional, que tambi\u00e9n se aplica en Formosa, Misiones, Entre R\u00edos, Santa Fe, La Plata y el Amba.<\/p>\n\n\n\n<p><\/p>\n","protected":false},"excerpt":{"rendered":"<p>La medida de fuerza afecta a los servicios de corta y media distancia. La Uni\u00f3n Tranviarios Automotor (UTA) de Corrientes anunci\u00f3 que el paro de servicios de transportes p\u00fablicos continuar\u00e1&hellip; <\/p>\n","protected":false},"author":6,"featured_media":72569,"comment_status":"closed","ping_status":"open","sticky":false,"template":"","format":"standard","meta":{"footnotes":""},"categories":[1],"tags":[],"class_list":["post-72568","post","type-post","status-publish","format-standard","has-post-thumbnail","hentry","category-informacion-general"],"_links":{"self":[{"href":"https:\/\/corrientesdetarde.com\/index.php\/wp-json\/wp\/v2\/posts\/72568","targetHints":{"allow":["GET"]}}],"collection":[{"href":"https:\/\/corrientesdetarde.com\/index.php\/wp-json\/wp\/v2\/posts"}],"about":[{"href":"https:\/\/corrientesdetarde.com\/index.php\/wp-json\/wp\/v2\/types\/post"}],"author":[{"embeddable":true,"href":"https:\/\/corrientesdetarde.com\/index.php\/wp-json\/wp\/v2\/users\/6"}],"replies":[{"embeddable":true,"href":"https:\/\/corrientesdetarde.com\/index.php\/wp-json\/wp\/v2\/comments?post=72568"}],"version-history":[{"count":1,"href":"https:\/\/corrientesdetarde.com\/index.php\/wp-json\/wp\/v2\/posts\/72568\/revisions"}],"predecessor-version":[{"id":72570,"href":"https:\/\/corrientesdetarde.com\/index.php\/wp-json\/wp\/v2\/posts\/72568\/revisions\/72570"}],"wp:featuredmedia":[{"embeddable":true,"href":"https:\/\/corrientesdetarde.com\/index.php\/wp-json\/wp\/v2\/media\/72569"}],"wp:attachment":[{"href":"https:\/\/corrientesdetarde.com\/index.php\/wp-json\/wp\/v2\/media?parent=72568"}],"wp:term":[{"taxonomy":"category","embeddable":true,"href":"https:\/\/corrientesdetarde.com\/index.php\/wp-json\/wp\/v2\/categories?post=72568"},{"taxonomy":"post_tag","embeddable":true,"href":"https:\/\/corrientesdetarde.com\/index.php\/wp-json\/wp\/v2\/tags?post=72568"}],"curies":[{"name":"wp","href":"https:\/\/api.w.org\/{rel}","templated":true}]}}