{"id":72571,"date":"2023-07-09T18:47:09","date_gmt":"2023-07-09T21:47:09","guid":{"rendered":"https:\/\/corrientesdetarde.com\/?p=72571"},"modified":"2023-07-09T18:47:13","modified_gmt":"2023-07-09T21:47:13","slug":"feria-provincial-del-libro-conoce-el-cronograma-de-este-domingo","status":"publish","type":"post","link":"https:\/\/corrientesdetarde.com\/index.php\/cultura\/feria-provincial-del-libro-conoce-el-cronograma-de-este-domingo\/","title":{"rendered":"Feria Provincial del Libro: conoc\u00e9 el cronograma de este domingo."},"content":{"rendered":"\n<h2 class=\"wp-block-heading\">Hasta el 16 de julio, se desarrolla en la ciudad de Corrientes, en el predio de la Ex-Usina -Edison y Costanera-, la 13\u00ba Feria Provincial del Libro.<\/h2>\n\n\n\n<p>Hasta el 16 de julio, se desarrolla en la ciudad de Corrientes, en el predio de la Ex-Usina -Edison y Costanera-, la 13\u00ba Feria Provincial del Libro. Un espacio cultural \u00fanico donde vas a poder encontrar productos literarios para grandes y chicos, compartir conferencias con destacados escritores locales y nacionales, adem\u00e1s de contar con un amplio patio gastron\u00f3mico y shows musicales.<\/p>\n\n\n\n<p>A continuaci\u00f3n, te contamos la agenda de la tercera jornada que tendr\u00e1 lugar este domingo 9 de julio.<\/p>\n\n\n\n<h2 class=\"wp-block-heading\">Sala Leonardo Favio<\/h2>\n\n\n\n<p>15 a 16 hs. Ciclo Fusionados CCU Mesas de lecturas de autores del CCU &#8211; UNNE<\/p>\n\n\n\n<p>Auditorio Griselda Gambaro<\/p>\n\n\n\n<p>16 hs. Carlos Alberto Cardazzo presenta&#8221;Proyecto extinci\u00f3n&#8221; Editorial D<\/p>\n\n\n\n<p>16.30 hs. Norma Guntren presenta &#8220;Sabores con historias&#8221;<\/p>\n\n\n\n<p>17 hs. Carmen Lensina presenta &#8220;La frontera del dolor&#8221; Editorial D.<\/p>\n\n\n\n<h2 class=\"wp-block-heading\">Auditorio 1983<\/h2>\n\n\n\n<p>16 hs. Nicol\u00e1s Miranda presenta &#8220;Con el coraz\u00f3n sediento (un viaje de vida apasionado)&#8221; Editorial D<\/p>\n\n\n\n<p>16.30 hs. Augusto Abelenda &#8220;Errar con Diego&#8221;. La Paz.<\/p>\n\n\n\n<p>17 hs. Presentaci\u00f3n borrador Ley Audiovisual a cargo del Foro de pol\u00edticas audiovisuales de Corrientes.<\/p>\n\n\n\n<p>17.30 hs. Francisco Frezzini presenta &#8220;Tributo a la Virgen de Mercedes&#8221;<\/p>\n\n\n\n<p>18 a 19 hs. Noel Breard presenta Balance de los 40 a\u00f1os de democracia Argentina &#8220;1983\/2023&#8221;<\/p>\n\n\n\n<p>19 hs. Mar\u00eda de los \u00c1ngeles Moll\u00e1 presenta &#8220;Pensar la educaci\u00f3n situada&#8221; Editorial Fundaci\u00f3n la Hendija.<\/p>\n\n\n\n<p>19.30 hs. Jos\u00e9 Gabriel Acosta presenta &#8220;Cuento del barrio Cl\u00ednicas&#8221; Editorial D<\/p>\n\n\n\n<h2 class=\"wp-block-heading\">Escenario Diana Sacay\u00e1n y Lohana Berkins<\/h2>\n\n\n\n<p>18 hs. Angela Pradelli presenta &#8220;Dos soldados&#8221;. Editorial Emec\u00e9<\/p>\n\n\n\n<p>19 hs. Eduardo Ledesma presenta &#8220;Los Elegidos&#8221;. Moglia Ediciones. Moderan: Mar\u00eda Silvia Leoni y Martin Baintrub<\/p>\n\n\n\n<p>20 hs. Ballet Folkl\u00f3rico Juvenil de la C\u00e1mara de Senadores y Vicegobernaci\u00f3n de Corrientes<\/p>\n\n\n\n<p>21 hs. Lira Vera D\u00fao<\/p>\n\n\n\n<p><\/p>\n","protected":false},"excerpt":{"rendered":"<p>Hasta el 16 de julio, se desarrolla en la ciudad de Corrientes, en el predio de la Ex-Usina -Edison y Costanera-, la 13\u00ba Feria Provincial del Libro. Hasta el 16&hellip; <\/p>\n","protected":false},"author":6,"featured_media":72575,"comment_status":"closed","ping_status":"open","sticky":false,"template":"","format":"standard","meta":{"footnotes":""},"categories":[15],"tags":[],"class_list":["post-72571","post","type-post","status-publish","format-standard","has-post-thumbnail","hentry","category-cultura"],"_links":{"self":[{"href":"https:\/\/corrientesdetarde.com\/index.php\/wp-json\/wp\/v2\/posts\/72571","targetHints":{"allow":["GET"]}}],"collection":[{"href":"https:\/\/corrientesdetarde.com\/index.php\/wp-json\/wp\/v2\/posts"}],"about":[{"href":"https:\/\/corrientesdetarde.com\/index.php\/wp-json\/wp\/v2\/types\/post"}],"author":[{"embeddable":true,"href":"https:\/\/corrientesdetarde.com\/index.php\/wp-json\/wp\/v2\/users\/6"}],"replies":[{"embeddable":true,"href":"https:\/\/corrientesdetarde.com\/index.php\/wp-json\/wp\/v2\/comments?post=72571"}],"version-history":[{"count":1,"href":"https:\/\/corrientesdetarde.com\/index.php\/wp-json\/wp\/v2\/posts\/72571\/revisions"}],"predecessor-version":[{"id":72576,"href":"https:\/\/corrientesdetarde.com\/index.php\/wp-json\/wp\/v2\/posts\/72571\/revisions\/72576"}],"wp:featuredmedia":[{"embeddable":true,"href":"https:\/\/corrientesdetarde.com\/index.php\/wp-json\/wp\/v2\/media\/72575"}],"wp:attachment":[{"href":"https:\/\/corrientesdetarde.com\/index.php\/wp-json\/wp\/v2\/media?parent=72571"}],"wp:term":[{"taxonomy":"category","embeddable":true,"href":"https:\/\/corrientesdetarde.com\/index.php\/wp-json\/wp\/v2\/categories?post=72571"},{"taxonomy":"post_tag","embeddable":true,"href":"https:\/\/corrientesdetarde.com\/index.php\/wp-json\/wp\/v2\/tags?post=72571"}],"curies":[{"name":"wp","href":"https:\/\/api.w.org\/{rel}","templated":true}]}}