{"id":72572,"date":"2023-07-09T18:26:15","date_gmt":"2023-07-09T21:26:15","guid":{"rendered":"https:\/\/corrientesdetarde.com\/?p=72572"},"modified":"2023-07-09T18:26:38","modified_gmt":"2023-07-09T21:26:38","slug":"max-verstappen-gano-su-sexta-carrera-consecutiva-en-formula-1","status":"publish","type":"post","link":"https:\/\/corrientesdetarde.com\/index.php\/deportes\/max-verstappen-gano-su-sexta-carrera-consecutiva-en-formula-1\/","title":{"rendered":"Max Verstappen gan\u00f3 su sexta carrera consecutiva en F\u00f3rmula 1."},"content":{"rendered":"\n<h2 class=\"wp-block-heading\">El neerland\u00e9s se impuso en el Gran Premio de Gran Breta\u00f1a en Silverstone y parece que nadie se interpondr\u00e1 en su camino al tricampeonato.<\/h2>\n\n\n\n<p><strong>Max Verstappen\u00a0<\/strong>volvi\u00f3 a quedarse con el triunfo en la\u00a0<strong>F\u00f3rmula 1<\/strong>. El piloto de Red Bull se impuso en en el Gran Premio de Gran Breta\u00f1a que se corri\u00f3 en el circuito de Silverstone y\u00a0<strong>alcanz\u00f3 su sexta victoria consecutiva<\/strong>\u00a0en un torneo que lidera con amplia diferencia. As\u00ed, se encamina casi sin sobresaltos al tricampeonato mundial.<\/p>\n\n\n\n<p>El nerland\u00e9s termin\u00f3 primero, por delante de un podio que completaron los locales&nbsp;<strong>Lando Norris<\/strong>&nbsp;(McLaren) y&nbsp;<strong>Lewis Hamilton<\/strong>&nbsp;(Mercedes).<\/p>\n\n\n\n<p>Su principal rival en la clasificaci\u00f3n, su compa\u00f1ero mexicano de Red Bull&nbsp;<strong>Sergio P\u00e9rez,<\/strong>&nbsp;termin\u00f3 sexto en la carrera luego de una gran remontada (hab\u00eda largado 15\u00b0).<\/p>\n\n\n\n<p>El momento m\u00e1s emocionante de la carrera se produjo en la largada, cuando Norris pas\u00f3 a Verstappen -que hab\u00eda hecho la pole- y desat\u00f3 la euforia de los fan\u00e1ticos locales en las tribunas. Sin embargo, esa alegr\u00eda dur\u00f3 poco: en la quinta vuelta el l\u00edder del Mundial de pilotos retom\u00f3 el primer puesto y no lo solt\u00f3 m\u00e1s.<\/p>\n\n\n\n<h2 class=\"wp-block-heading\">El an\u00e1lisis de Verstappen<\/h2>\n\n\n\n<p>\u201dHemos tenido una salida muy mala. Hay que ver qu\u00e9 ha ocurrido, pero despu\u00e9s de eso los dos McLaren iban ultrarr\u00e1pido. Hemos tenido que estar concentrados para superarlos. Despu\u00e9s todo ha ido bien y he podido ir consiguiendo mi ventaja\u201d, dijo Verstappen al terminar la carrera, algo cr\u00edtico del inicio.<\/p>\n\n\n\n<figure class=\"wp-block-image\"><img decoding=\"async\" src=\"https:\/\/tn.com.ar\/resizer\/4Yl2VgRdrfC-DXfWzhyNI0AboT0=\/767x0\/smart\/filters:format(webp)\/cloudfront-us-east-1.images.arcpublishing.com\/artear\/H7QQDCFB5IMP2XGBNTWYYZ42KA.jpg\" alt=\"La celebraci\u00f3n del equipo Red Bull (Foto: REUTERS)\"\/><figcaption>La celebraci\u00f3n del equipo Red Bull (Foto: REUTERS)Por:&nbsp;<strong>REUTERS<\/strong><\/figcaption><\/figure>\n\n\n\n<p>El neerland\u00e9s buscar\u00e1 cosechar su s\u00e9ptima victoria consecutiva en dos semanas, el domingo 23, cuando se dispute el Gran Premio de Hungr\u00eda.<\/p>\n\n\n\n<h2 class=\"wp-block-heading\">Calendario de la F\u00f3rmula 1 para 2023<\/h2>\n\n\n\n<ul class=\"wp-block-list\"><li>23 de julio, Gran Premio de Hungr\u00eda<\/li><li>30 de julio, Gran Premio de B\u00e9lgica<\/li><li>27 de agosto, Gran Premio de Pa\u00edses Bajos<\/li><li>3 de septiembre, Gran Premio de Italia<\/li><li>17 de septiembre, Gran Premio de Singapur<\/li><li>24 de septiembre, Gran Premio de Jap\u00f3n<\/li><li>8 de octubre, Gran Premio de Qatar<\/li><li>22 de octubre, Gran Premio de Estados Unidos<\/li><li>29 de octubre, Gran Premio de M\u00e9xico<\/li><li>5 de noviembre, Gran Premio de Brasil<\/li><li>18 de noviembre, Gran Premio de Las Vegas<\/li><li>26 de noviembre, Gran Premio de Abu Dhabi.<\/li><\/ul>\n\n\n\n<p><em>Fuente: Todo Noticias.<\/em><\/p>\n","protected":false},"excerpt":{"rendered":"<p>El neerland\u00e9s se impuso en el Gran Premio de Gran Breta\u00f1a en Silverstone y parece que nadie se interpondr\u00e1 en su camino al tricampeonato. Max Verstappen\u00a0volvi\u00f3 a quedarse con el&hellip; <\/p>\n","protected":false},"author":6,"featured_media":72573,"comment_status":"closed","ping_status":"open","sticky":false,"template":"","format":"standard","meta":{"footnotes":""},"categories":[4],"tags":[],"class_list":["post-72572","post","type-post","status-publish","format-standard","has-post-thumbnail","hentry","category-deportes"],"_links":{"self":[{"href":"https:\/\/corrientesdetarde.com\/index.php\/wp-json\/wp\/v2\/posts\/72572","targetHints":{"allow":["GET"]}}],"collection":[{"href":"https:\/\/corrientesdetarde.com\/index.php\/wp-json\/wp\/v2\/posts"}],"about":[{"href":"https:\/\/corrientesdetarde.com\/index.php\/wp-json\/wp\/v2\/types\/post"}],"author":[{"embeddable":true,"href":"https:\/\/corrientesdetarde.com\/index.php\/wp-json\/wp\/v2\/users\/6"}],"replies":[{"embeddable":true,"href":"https:\/\/corrientesdetarde.com\/index.php\/wp-json\/wp\/v2\/comments?post=72572"}],"version-history":[{"count":1,"href":"https:\/\/corrientesdetarde.com\/index.php\/wp-json\/wp\/v2\/posts\/72572\/revisions"}],"predecessor-version":[{"id":72574,"href":"https:\/\/corrientesdetarde.com\/index.php\/wp-json\/wp\/v2\/posts\/72572\/revisions\/72574"}],"wp:featuredmedia":[{"embeddable":true,"href":"https:\/\/corrientesdetarde.com\/index.php\/wp-json\/wp\/v2\/media\/72573"}],"wp:attachment":[{"href":"https:\/\/corrientesdetarde.com\/index.php\/wp-json\/wp\/v2\/media?parent=72572"}],"wp:term":[{"taxonomy":"category","embeddable":true,"href":"https:\/\/corrientesdetarde.com\/index.php\/wp-json\/wp\/v2\/categories?post=72572"},{"taxonomy":"post_tag","embeddable":true,"href":"https:\/\/corrientesdetarde.com\/index.php\/wp-json\/wp\/v2\/tags?post=72572"}],"curies":[{"name":"wp","href":"https:\/\/api.w.org\/{rel}","templated":true}]}}