{"id":72806,"date":"2023-07-10T15:21:08","date_gmt":"2023-07-10T18:21:08","guid":{"rendered":"https:\/\/corrientesdetarde.com\/?p=72806"},"modified":"2023-07-10T15:21:29","modified_gmt":"2023-07-10T18:21:29","slug":"lacalle-pou-cruzo-a-alberto-fernandez-por-sus-dichos-sobre-la-crisis-hidrica-mala-intencion-o-ignorancia","status":"publish","type":"post","link":"https:\/\/corrientesdetarde.com\/index.php\/politica\/lacalle-pou-cruzo-a-alberto-fernandez-por-sus-dichos-sobre-la-crisis-hidrica-mala-intencion-o-ignorancia\/","title":{"rendered":"Lacalle Pou cruz\u00f3 a Alberto Fern\u00e1ndez por sus dichos sobre la crisis h\u00eddrica: \u201cMala intenci\u00f3n o ignorancia\u201d"},"content":{"rendered":"\n<p>En la inauguraci\u00f3n del gasoducto N\u00e9stor Kirchner, el Presidente dijo que \u201cen Uruguay abren las canillas y el agua no sale\u201d.<\/p>\n\n\n\n<p>El presidente de Uruguay,<strong> Luis Lacalle Pou\u00a0cruz\u00f3<\/strong> a Alberto Fern\u00e1ndez\u00a0por sus declaraciones sobre la\u00a0<strong>crisis h\u00eddrica que se vive en Montevideo y alrededores<\/strong>.<\/p>\n\n\n\n<p>\u201cMala intenci\u00f3n, que lo descarto, o por\u00a0<strong>ignorancia.<\/strong>\u00a0Supongo que es leer en Internet y se entera enseguida si quiere tener la informaci\u00f3n correcta\u201d, dijo Lacalle Pou sobre los dichos de Alberto Fern\u00e1ndez en la\u00a0inauguraci\u00f3n del gasoducto\u00a0N\u00e9stor Kirchner.<\/p>\n\n\n\n<p>El domingo, en el acto en Salliquel\u00f3, Alberto Fern\u00e1ndez plante\u00f3: \u201cEl gran desaf\u00edo es el cambio clim\u00e1tico, ya est\u00e1 visto. Lo vimos en la sequ\u00eda, lo vive Uruguay.&nbsp;<strong>En Montevideo abren las canillas y el agua no sale\u201d.<\/strong><\/p>\n\n\n\n<figure class=\"wp-block-image\"><img decoding=\"async\" src=\"https:\/\/tn.com.ar\/resizer\/kzYq9LHUYoQLb9ir3WD08iUhLa0=\/767x0\/smart\/filters:format(webp)\/cloudfront-us-east-1.images.arcpublishing.com\/artear\/ZLWT2K3T5FGDBBOCRTXTV2Y32E.jpg\" alt=\"Luis Lacalle Pou y Alberto Fern\u00e1ndez durante una cumbre del Mercosur (Foto: EFE)\"\/><\/figure>\n\n\n\n<h2 class=\"wp-block-heading\">Fuerte malestar en Uruguay por los dichos de Alberto Fern\u00e1ndez sobre la crisis h\u00eddrica<\/h2>\n\n\n\n<p>Las declaraciones de Alberto Fern\u00e1ndez sobre la crisis h\u00eddrica en Uruguay tambi\u00e9n generaron enojo en la dirigencia pol\u00edtica de ese pa\u00eds. Previo a las expresiones de Lacalle Pou dirigentes del oficialismo le salieron a responder e incluso apuntaron contra el intendente de Canelones y referente del Frente Amplio,&nbsp;<strong>Yamand\u00fa Orsi,<\/strong>&nbsp;quen hab\u00eda dicho que Alberto Fern\u00e1ndez era un&nbsp;<strong>\u201cclase A de la pol\u00edtica\u201d.<\/strong><\/p>\n\n\n\n<p>El senador del Partido Nacional,<strong>\u00a0Sebasti\u00e1n Da Silva<\/strong>, escribi\u00f3 en sus redes sociales:<strong>\u00a0\u201cInternacionalizaron la militancia por la sequ\u00eda.\u00a0<\/strong>Ahora es el \u00eddolo de Orsi el que miente\u201d. El secretario general de la Intendencia canaria, Francisco Legnani, respondi\u00f3: \u201cQue inquieto lo tiene Orsi, no pasa un d\u00eda sin nombrarlo. Me alegro mucho\u201d.<\/p>\n\n\n\n<p><strong>Graciela Bianchi<\/strong>, senadora nacionalista, describi\u00f3 a las declaraciones de Alberto Fern\u00e1ndez como una \u201cmentira internacional\u201d y agreg\u00f3: \u201cDijo en un discurso que en Uruguay no sale agua de las canillas.<strong>&nbsp;Asco tambi\u00e9n internacional\u201d.<\/strong><\/p>\n\n\n\n<p>Quien apunt\u00f3 m\u00e1s duro fue el director Nacional de Telecomunicaciones,&nbsp;<strong>Guzm\u00e1n Acosta y Lara<\/strong>: \u201cEstamos frente a una situaci\u00f3n dif\u00edcil producto de una sequ\u00eda hist\u00f3rica, pero el agua por ahora sigue saliendo. Alberto Fern\u00e1ndez en lugar de mentir p\u00fablicamente<strong>&nbsp;deber\u00eda ocuparse de Argentina, un pa\u00eds cada d\u00eda m\u00e1s sumergido, pero en el hambre y la pobreza\u201d.<\/strong><\/p>\n","protected":false},"excerpt":{"rendered":"<p>En la inauguraci\u00f3n del gasoducto N\u00e9stor Kirchner, el Presidente dijo que \u201cen Uruguay abren las canillas y el agua no sale\u201d. El presidente de Uruguay, Luis Lacalle Pou\u00a0cruz\u00f3 a Alberto&hellip; <\/p>\n","protected":false},"author":8,"featured_media":72807,"comment_status":"closed","ping_status":"open","sticky":false,"template":"","format":"standard","meta":{"footnotes":""},"categories":[3],"tags":[],"class_list":["post-72806","post","type-post","status-publish","format-standard","has-post-thumbnail","hentry","category-politica"],"_links":{"self":[{"href":"https:\/\/corrientesdetarde.com\/index.php\/wp-json\/wp\/v2\/posts\/72806","targetHints":{"allow":["GET"]}}],"collection":[{"href":"https:\/\/corrientesdetarde.com\/index.php\/wp-json\/wp\/v2\/posts"}],"about":[{"href":"https:\/\/corrientesdetarde.com\/index.php\/wp-json\/wp\/v2\/types\/post"}],"author":[{"embeddable":true,"href":"https:\/\/corrientesdetarde.com\/index.php\/wp-json\/wp\/v2\/users\/8"}],"replies":[{"embeddable":true,"href":"https:\/\/corrientesdetarde.com\/index.php\/wp-json\/wp\/v2\/comments?post=72806"}],"version-history":[{"count":1,"href":"https:\/\/corrientesdetarde.com\/index.php\/wp-json\/wp\/v2\/posts\/72806\/revisions"}],"predecessor-version":[{"id":72808,"href":"https:\/\/corrientesdetarde.com\/index.php\/wp-json\/wp\/v2\/posts\/72806\/revisions\/72808"}],"wp:featuredmedia":[{"embeddable":true,"href":"https:\/\/corrientesdetarde.com\/index.php\/wp-json\/wp\/v2\/media\/72807"}],"wp:attachment":[{"href":"https:\/\/corrientesdetarde.com\/index.php\/wp-json\/wp\/v2\/media?parent=72806"}],"wp:term":[{"taxonomy":"category","embeddable":true,"href":"https:\/\/corrientesdetarde.com\/index.php\/wp-json\/wp\/v2\/categories?post=72806"},{"taxonomy":"post_tag","embeddable":true,"href":"https:\/\/corrientesdetarde.com\/index.php\/wp-json\/wp\/v2\/tags?post=72806"}],"curies":[{"name":"wp","href":"https:\/\/api.w.org\/{rel}","templated":true}]}}