{"id":72809,"date":"2023-07-10T15:24:53","date_gmt":"2023-07-10T18:24:53","guid":{"rendered":"https:\/\/corrientesdetarde.com\/?p=72809"},"modified":"2023-07-10T15:30:48","modified_gmt":"2023-07-10T18:30:48","slug":"madonna-reaparecio-despues-de-sus-problemas-de-salud-gracias-por-su-energia-positiva-y-oraciones","status":"publish","type":"post","link":"https:\/\/corrientesdetarde.com\/index.php\/espectaculos\/madonna-reaparecio-despues-de-sus-problemas-de-salud-gracias-por-su-energia-positiva-y-oraciones\/","title":{"rendered":"Madonna reapareci\u00f3 despu\u00e9s de sus problemas de salud: \u201cGracias por su energ\u00eda positiva y oraciones\u201d"},"content":{"rendered":"\n<p>La cantante hizo un posteo en su cuenta de Instagram despu\u00e9s de estar interanda por una infecci\u00f3n urinaria grave.<\/p>\n\n\n\n<p>A sus 64 a\u00f1os entr\u00f3 en un hospital de Nueva York por una infecci\u00f3n urinaria grave. La preocupaci\u00f3n fue extrema. Despu\u00e9s de estar internada seis d\u00edas internadas \u00a0ya se recupera en su casa.\u00a0Madonna\u00a0volvi\u00f3 a las redes sociales con un mensaje para sus seguidores. Adem\u00e1s, poste\u00f3 una foto en la que se la ve mucho mejor.<\/p>\n\n\n\n<p>\u201cGracias por su energ\u00eda positiva, oraciones y palabras de sanaci\u00f3n y aliento. He sentido tu amor.\u00a0<strong>Estoy en el camino de la recuperaci\u00f3n y estoy incre\u00edblemente agradecida por todas las bendiciones en mi vida<\/strong>\u201d, expres\u00f3 en Instagram.<\/p>\n\n\n\n<p>\u201cLo primero que pens\u00e9 cuando me despert\u00e9 en el hospital fueron mis hijos. Mi segundo pensamiento fue que no quer\u00eda decepcionar a nadie que comprara boletos para mi gira\u201d, coment\u00f3 en una historia.<\/p>\n\n\n\n<p>Y agreg\u00f3: \u201c<strong>Tampoco quer\u00eda defraudar a las personas que trabajaron incansablemente conmigo durante los \u00faltimos meses para crear mi espect\u00e1culo.&nbsp;<\/strong>Odio decepcionar a alguien\u201d.<\/p>\n\n\n\n<figure class=\"wp-block-image\"><img decoding=\"async\" src=\"https:\/\/tn.com.ar\/resizer\/rPX0edIUXdcspyU4_oO7iw_gtLI=\/767x0\/smart\/filters:format(webp)\/cloudfront-us-east-1.images.arcpublishing.com\/artear\/T7PPN6QJVBDDFHMBITXRCMK77U.jpg\" alt=\"Madonna poste\u00f3 esta foto adem\u00e1sd el comunicado en el que agradece su apoyo. (Foto: Instagram)\"\/><\/figure>\n\n\n\n<p>Para terminar, escribi\u00f3: \u201cMi enfoque ahora es&nbsp;<strong>mi salud y fortalecerme&nbsp;<\/strong>y les aseguro que volver\u00e9 con ustedes tan pronto como pueda. El plan actual es&nbsp;<strong>reprogramar<\/strong>&nbsp;la etapa norteamericana de la gira y comenzar en octubre en Europa. No podr\u00eda estar m\u00e1s agradecido por su atenci\u00f3n y apoyo\u201d.<\/p>\n\n\n\n<p>Cabe recordar que Madonna pospuso el inicio de su gira \u201c<em>Celebration<\/em>\u201d, que abarcar\u00e1 temas de toda su carrera. El puntapi\u00e9 inicial era el 15 de julio. En breve se conocer\u00e1 la reprogramaci\u00f3n de las fechas.<\/p>\n\n\n\n<figure class=\"wp-block-image\"><img decoding=\"async\" src=\"https:\/\/tn.com.ar\/resizer\/hVaoMDp8nPIWGypq2uL3TAcHLTQ=\/767x0\/smart\/filters:format(webp)\/cloudfront-us-east-1.images.arcpublishing.com\/artear\/KIDWUTGGTJFXNDUADW44H6LHDM.jpg\" alt=\"El comunicado de Madonna. (Foto: Instagram)\"\/><\/figure>\n\n\n\n<h2 class=\"wp-block-heading\">Antes de reaparecer en redes, Madonna fue vista caminando por Nueva York<\/h2>\n\n\n\n<p> Madonna fue vista en las \u00faltimas horas caminando cerca de su casa en Upper East Side de Nueva York  en compa\u00f1\u00eda de algunos de sus vecinos. Hace unos d\u00edas trascendi\u00f3 el rumor de que<strong>\u00a0la cantante estaba postrada\u00a0<\/strong>en una cama sin poder moverse.<\/p>\n\n\n\n<p>La reina del pop se mostr\u00f3<strong>&nbsp;en buenas condiciones,<\/strong>&nbsp;aunque por momentos descansaba para seguir caminando, ya que sus m\u00e9dicos le pidieron que no se sobreexija y que repose lo que sea necesario.<\/p>\n\n\n\n<p>Seg\u00fan inform\u00f3 de<em>&nbsp;New York Post<\/em>, la estrella del pop, de 64 a\u00f1os, llevaba anteojos de sol gigantes, un sombrero de ala ancha y zapatillas y&nbsp;<strong>se apoy\u00f3 un poco en un poste de luz<\/strong>&nbsp;mientras esperaba cruzar la calle en East 80th Street y Lexington Avenue. El medio tambi\u00e9n cont\u00f3 que se ve\u00eda feliz y convers\u00f3 con un amigo mientras caminaba en una calurosa tarde de domingo.<\/p>\n","protected":false},"excerpt":{"rendered":"<p>La cantante hizo un posteo en su cuenta de Instagram despu\u00e9s de estar interanda por una infecci\u00f3n urinaria grave. A sus 64 a\u00f1os entr\u00f3 en un hospital de Nueva York&hellip; <\/p>\n","protected":false},"author":8,"featured_media":72810,"comment_status":"closed","ping_status":"open","sticky":false,"template":"","format":"standard","meta":{"footnotes":""},"categories":[19],"tags":[],"class_list":["post-72809","post","type-post","status-publish","format-standard","has-post-thumbnail","hentry","category-espectaculos"],"_links":{"self":[{"href":"https:\/\/corrientesdetarde.com\/index.php\/wp-json\/wp\/v2\/posts\/72809","targetHints":{"allow":["GET"]}}],"collection":[{"href":"https:\/\/corrientesdetarde.com\/index.php\/wp-json\/wp\/v2\/posts"}],"about":[{"href":"https:\/\/corrientesdetarde.com\/index.php\/wp-json\/wp\/v2\/types\/post"}],"author":[{"embeddable":true,"href":"https:\/\/corrientesdetarde.com\/index.php\/wp-json\/wp\/v2\/users\/8"}],"replies":[{"embeddable":true,"href":"https:\/\/corrientesdetarde.com\/index.php\/wp-json\/wp\/v2\/comments?post=72809"}],"version-history":[{"count":1,"href":"https:\/\/corrientesdetarde.com\/index.php\/wp-json\/wp\/v2\/posts\/72809\/revisions"}],"predecessor-version":[{"id":72811,"href":"https:\/\/corrientesdetarde.com\/index.php\/wp-json\/wp\/v2\/posts\/72809\/revisions\/72811"}],"wp:featuredmedia":[{"embeddable":true,"href":"https:\/\/corrientesdetarde.com\/index.php\/wp-json\/wp\/v2\/media\/72810"}],"wp:attachment":[{"href":"https:\/\/corrientesdetarde.com\/index.php\/wp-json\/wp\/v2\/media?parent=72809"}],"wp:term":[{"taxonomy":"category","embeddable":true,"href":"https:\/\/corrientesdetarde.com\/index.php\/wp-json\/wp\/v2\/categories?post=72809"},{"taxonomy":"post_tag","embeddable":true,"href":"https:\/\/corrientesdetarde.com\/index.php\/wp-json\/wp\/v2\/tags?post=72809"}],"curies":[{"name":"wp","href":"https:\/\/api.w.org\/{rel}","templated":true}]}}