{"id":72822,"date":"2023-07-10T15:33:58","date_gmt":"2023-07-10T18:33:58","guid":{"rendered":"https:\/\/corrientesdetarde.com\/?p=72822"},"modified":"2023-07-10T15:34:19","modified_gmt":"2023-07-10T18:34:19","slug":"genero-cannabis-medicinal-historia-y-memoria-urbana-ejes-de-la-quinta-jornada","status":"publish","type":"post","link":"https:\/\/corrientesdetarde.com\/index.php\/eventos\/genero-cannabis-medicinal-historia-y-memoria-urbana-ejes-de-la-quinta-jornada\/","title":{"rendered":"G\u00e9nero, cannabis medicinal, historia y memoria urbana, ejes de la quinta jornada"},"content":{"rendered":"\n<p>Organizada por el Gobierno de Corrientes, a trav\u00e9s del Instituto de Cultura, la jornada de este martes de la 13\u00b0 edici\u00f3n de la Feria Provincial del Libro tendr\u00e1 presentaciones de libros, charlas y talleres adem\u00e1s de m\u00fasica en vivo en la Ex Usina (Costanera y Edison), de 14 a 22 horas, con acceso libre. De esta manera, se propone para el 5\u00b0 d\u00eda, una serie de actividades en torno a la divulgaci\u00f3n de contenidos editoriales locales y regionales sobre los ejes de g\u00e9nero, cannabis medicinal, historia y memoria urbana, adem\u00e1s de sumar atractivos en el escenario con m\u00fasica en vivo de variados g\u00e9neros musicales.<\/p>\n\n\n\n<p>Emmanuel Sticchi, correntino radicado en La Plata, dictar\u00e1 el taller &#8220;Subirle el volumen al miedo&#8221;, para indagar, desde la lectura y la escritura, ciertas tendencias del cuento de terror contempor\u00e1neo: sus temas m\u00e1s recurrentes, sus formas, sus estrategias y tratamientos. El taller concluir\u00e1 este mi\u00e9rcoles 12.<\/p>\n\n\n\n<p>El ciclo Fusionados del Centro Cultural Universitario (CCU) de la Universidad Nacional del Nordeste (UNNE), tendr\u00e1 su cierre con ronda de lectura de los textos producidos en los talleres literarios &#8220;Koeyu&#8221; y &#8220;Queseraye&#8221;, una propuesta para divulgar la producci\u00f3n de obra de los talleristas.<\/p>\n\n\n\n<p>Dos actividades en torno al eje cannabis medicinal tendr\u00e1n lugar en el Auditorio 1983. La primera, con el taller sobre elaboraci\u00f3n de aceite medicinal de cannabis por Mario Delfino, y la charla sobre Odontocannabis por la doctora Nadia Asseph.<\/p>\n\n\n\n<p>Por su parte, Eudene Editoral UNNE dice presente con la presentaci\u00f3n de dos publicaciones: una sobre compilaciones de trabajos historiogr\u00e1ficos, que ser\u00e1n presentados por Maria Silvia Leoni y Mar\u00eda N\u00fa\u00f1ez Camelino; y otra perteneciente a la Colecci\u00f3n Cosmograf\u00edas de Eudene UNNE, sobre testimonios de familiares de v\u00edctimas de femicidio en Corrientes, por Clarise Edith S\u00e1nchez Soloaga, Licenciada en Comunicaci\u00f3n Social (UNC), periodista y Editora de G\u00e9nero del diario La Rep\u00fablica de Corrientes.<\/p>\n\n\n\n<p>Mar\u00eda Luisa Storani llega a Corrientes para una charla sobre la historizaci\u00f3n, en el marco de 40 a\u00f1os de democracia, sobre las pol\u00edticas de g\u00e9nero en Argentina. Comenz\u00f3 su militancia a fines de la d\u00e9cada del \u00b460, junto a un grupo de j\u00f3venes radicales que luego conformar\u00edan el Movimiento de Renovaci\u00f3n y Cambio de la Uni\u00f3n C\u00edvica Radical (UCR).<\/p>\n\n\n\n<p>Es Licenciada en Sociolog\u00eda de la Universidad del Salvador y Psic\u00f3loga Social, de Escuela de Pichon-Rivi\u00e8re. En 1982 form\u00f3 parte de los militantes que comenzaron a construir el triunfo de Ra\u00fal Alfons\u00edn, que se dio un a\u00f1o m\u00e1s tarde.<\/p>\n\n\n\n<p>Fue diputada nacional por la provincia de Buenos Aires entre 2009 y 2013, integrando el&nbsp;Observatorio de Derechos Humanos y G\u00e9nero, un nuevo \u00f3rgano creado dentro de la UCR, en 2014, designada Vicepresidenta primera del Comit\u00e9 Nacional de la UCR desde diciembre de 2021.<\/p>\n\n\n\n<p>En el Escenario &#8220;Diana Sacay\u00e1n-Lohana Berkins&#8221;, Enrique &#8220;Quito&#8221; Galiana, best seller de Moglia Ediciones, presenta la 6\u00b0 edici\u00f3n de &#8220;Aparecidos, tesoros y leyendas&#8221;, para dar paso a la m\u00fasica con la presencia del Coro &#8220;Pomberitos Cantores&#8221;, propuesta de la C\u00e1mara de Senadores y Vicegobernaci\u00f3n de Corrientes. Demir Hannah trae el chamam\u00e9, estrenando un tema in\u00e9dito y haciendo un repaso por su discograf\u00eda. Marta Toledo y Fernando Gualini llevaran adelante un popurr\u00ed del cancionero nacional y del r\u00edo de la Plata, para dar paso a la cumbia de la mano de Suena Replay.<\/p>\n\n\n\n<p><strong>La feria de celeste y blanco<\/strong><\/p>\n\n\n\n<p>Este domingo en el marco del D\u00eda de la Independencia, se vivi\u00f3 una jornada multitudinaria en la Ex Usina. El ciclo &#8220;Fusionados&#8221; present\u00f3 su ronda de lectura, promovido por el CCU UNNE, adem\u00e1s de presentarse diversos t\u00edtulos de Editorial D. Adem\u00e1s, el Foro de Pol\u00edticas Audiovisuales present\u00f3 el borrador de la Ley Audiovisual de Corrientes, sucedido por la ponencia sobre el balance de 40 a\u00f1os de democracia argentina 1983-2023 por Noel Breard.<\/p>\n\n\n\n<p>Angela Pradelli abri\u00f3 el escenario con la presentaci\u00f3n de &#8220;Dos soldados&#8221;, libro donde contextualiza la posguerra de Malvinas, presentada por la profesora Gabriela Qui\u00f1onez. Eduardo Ledesma le suceder\u00eda con la presentaci\u00f3n de &#8220;Los Elegidos&#8221;, por Moglia Ediciones, acompa\u00f1ado de Mar\u00eda Silvia Leoni y Mart\u00edn Baintrub, y la presencia de los ex gobernadores &#8220;Pocho&#8221; Romero Feris y Ricardo Leconte, en un marco de p\u00fablico que colm\u00f3 la plaza seca de la Ex Usina.<\/p>\n\n\n\n<p>El Ballet Folkl\u00f3rico juvenil de la C\u00e1mara de Senadores y Vicegobernaci\u00f3n de Corrientes deleit\u00f3 a los presentes con varios cuadros en escenario, para un cierre a puro chamam\u00e9 de la mano del d\u00fao Lira Ver\u00e1, desde Misiones. Hasta el momento, la feria recibi\u00f3 m\u00e1s de 11 mil visitantes y el sector editorial tuvo ventas superando el mill\u00f3n de pesos.<\/p>\n\n\n\n<p><strong>Programaci\u00f3n para este martes 11 de julio<\/strong><\/p>\n\n\n\n<p><em>Auditorio &#8220;Griselda Gambaro&#8221;<\/em><\/p>\n\n\n\n<p>-15 a 16 hs. Ciclo Fusionados CCU Mesas de lecturas de autores del CCU &#8211; UNNE<\/p>\n\n\n\n<p>-16 a 18 hs. Taller &#8220;Subirle el volumen al miedo&#8221; por Emmanuel Sticchi<\/p>\n\n\n\n<p><em>Auditorio &#8220;1983&#8221;<\/em><\/p>\n\n\n\n<p>-16 a 17 hs. Charla-Taller: Aceite Medicinal de Cannabis: elaboraci\u00f3n y proyectos vinculados desde la UNNE, por Mario Delfino<\/p>\n\n\n\n<p>-17hs.&nbsp;Eudene| Presentaci\u00f3n &#8220;Pasados perif\u00e9ricos&#8221; de Mar\u00eda Silvia Leoni y Mar\u00eda N\u00fa\u00f1ez Camelino<\/p>\n\n\n\n<p>-17.30. Eudene Presentaci\u00f3n &#8220;No nos callamos m\u00e1s. Femicidios en Corrientes&#8221;, de Clarise Edith S\u00e1nchez Soloaga<\/p>\n\n\n\n<p>-18 a 19 hs. Charla sobre Odontocannabis, por la odont\u00f3loga Nadia Asseph<\/p>\n\n\n\n<p>-19 a 19.45 hs. Conferencia &#8220;40 a\u00f1os de democracia: Evoluci\u00f3n de la pol\u00edticas de g\u00e9nero en Argentina&#8221;, por Mar\u00eda Luisa Storani<\/p>\n\n\n\n<p><em>Escenario &#8220;Diana Sacay\u00e1n-Lohana Berkins&#8221;<\/em><\/p>\n\n\n\n<p>-18 hs. Coro &#8220;Pomberitos Cantores&#8221; | C\u00e1mara de Senadores y Vicegobernaci\u00f3n de Corrientes<\/p>\n\n\n\n<p>-19 a 20 hs. Presentaci\u00f3n &#8220;Aparecidos, tesoros y leyendas&#8221;, por Enrique &#8220;Quito&#8221; Galiana. Moglia Ediciones. Modera: Mar\u00eda Mercedes V\u00e1squez<\/p>\n\n\n\n<p>-20 a 20.30 hs. Demir Hannah<\/p>\n\n\n\n<p>-20.30 hs. Marta Toledo y Fernando Gualini<\/p>\n\n\n\n<p>-21 hs. Suena Replay<\/p>\n\n\n\n<p>Para m\u00e1s informaci\u00f3n en el Instagram\/ferialibrocorrientes.<\/p>\n\n\n\n<figure class=\"wp-block-image size-large\"><img loading=\"lazy\" decoding=\"async\" width=\"576\" height=\"1024\" src=\"https:\/\/corrientesdetarde.com\/wp-content\/uploads\/2023\/07\/image-301-576x1024.png\" alt=\"\" class=\"wp-image-72823\" srcset=\"https:\/\/corrientesdetarde.com\/wp-content\/uploads\/2023\/07\/image-301-576x1024.png 576w, https:\/\/corrientesdetarde.com\/wp-content\/uploads\/2023\/07\/image-301-169x300.png 169w, https:\/\/corrientesdetarde.com\/wp-content\/uploads\/2023\/07\/image-301-768x1365.png 768w, https:\/\/corrientesdetarde.com\/wp-content\/uploads\/2023\/07\/image-301-864x1536.png 864w, https:\/\/corrientesdetarde.com\/wp-content\/uploads\/2023\/07\/image-301.png 1080w\" sizes=\"auto, (max-width: 576px) 100vw, 576px\" \/><\/figure>\n\n\n\n<figure class=\"wp-block-image size-large\"><img loading=\"lazy\" decoding=\"async\" width=\"819\" height=\"1024\" src=\"https:\/\/corrientesdetarde.com\/wp-content\/uploads\/2023\/07\/image-302-819x1024.png\" alt=\"\" class=\"wp-image-72824\" srcset=\"https:\/\/corrientesdetarde.com\/wp-content\/uploads\/2023\/07\/image-302-819x1024.png 819w, https:\/\/corrientesdetarde.com\/wp-content\/uploads\/2023\/07\/image-302-240x300.png 240w, https:\/\/corrientesdetarde.com\/wp-content\/uploads\/2023\/07\/image-302-768x960.png 768w, https:\/\/corrientesdetarde.com\/wp-content\/uploads\/2023\/07\/image-302.png 1080w\" sizes=\"auto, (max-width: 819px) 100vw, 819px\" \/><\/figure>\n\n\n\n<figure class=\"wp-block-image size-large\"><img loading=\"lazy\" decoding=\"async\" width=\"819\" height=\"1024\" src=\"https:\/\/corrientesdetarde.com\/wp-content\/uploads\/2023\/07\/image-303-819x1024.png\" alt=\"\" class=\"wp-image-72825\" srcset=\"https:\/\/corrientesdetarde.com\/wp-content\/uploads\/2023\/07\/image-303-819x1024.png 819w, https:\/\/corrientesdetarde.com\/wp-content\/uploads\/2023\/07\/image-303-240x300.png 240w, https:\/\/corrientesdetarde.com\/wp-content\/uploads\/2023\/07\/image-303-768x960.png 768w, https:\/\/corrientesdetarde.com\/wp-content\/uploads\/2023\/07\/image-303.png 1080w\" sizes=\"auto, (max-width: 819px) 100vw, 819px\" \/><\/figure>\n\n\n\n<figure class=\"wp-block-image size-large\"><img loading=\"lazy\" decoding=\"async\" width=\"608\" height=\"1024\" src=\"https:\/\/corrientesdetarde.com\/wp-content\/uploads\/2023\/07\/image-304-608x1024.png\" alt=\"\" class=\"wp-image-72826\" srcset=\"https:\/\/corrientesdetarde.com\/wp-content\/uploads\/2023\/07\/image-304-608x1024.png 608w, https:\/\/corrientesdetarde.com\/wp-content\/uploads\/2023\/07\/image-304-178x300.png 178w, https:\/\/corrientesdetarde.com\/wp-content\/uploads\/2023\/07\/image-304-768x1294.png 768w, https:\/\/corrientesdetarde.com\/wp-content\/uploads\/2023\/07\/image-304-911x1536.png 911w, https:\/\/corrientesdetarde.com\/wp-content\/uploads\/2023\/07\/image-304.png 1080w\" sizes=\"auto, (max-width: 608px) 100vw, 608px\" \/><\/figure>\n\n\n\n<figure class=\"wp-block-image size-large\"><img loading=\"lazy\" decoding=\"async\" width=\"819\" height=\"1024\" src=\"https:\/\/corrientesdetarde.com\/wp-content\/uploads\/2023\/07\/image-305-819x1024.png\" alt=\"\" class=\"wp-image-72827\" srcset=\"https:\/\/corrientesdetarde.com\/wp-content\/uploads\/2023\/07\/image-305-819x1024.png 819w, https:\/\/corrientesdetarde.com\/wp-content\/uploads\/2023\/07\/image-305-240x300.png 240w, https:\/\/corrientesdetarde.com\/wp-content\/uploads\/2023\/07\/image-305-768x960.png 768w, https:\/\/corrientesdetarde.com\/wp-content\/uploads\/2023\/07\/image-305.png 1080w\" sizes=\"auto, (max-width: 819px) 100vw, 819px\" \/><\/figure>\n\n\n\n<figure class=\"wp-block-image size-large\"><img loading=\"lazy\" decoding=\"async\" width=\"1024\" height=\"667\" src=\"https:\/\/corrientesdetarde.com\/wp-content\/uploads\/2023\/07\/image-306-1024x667.png\" alt=\"\" class=\"wp-image-72828\" srcset=\"https:\/\/corrientesdetarde.com\/wp-content\/uploads\/2023\/07\/image-306-1024x667.png 1024w, https:\/\/corrientesdetarde.com\/wp-content\/uploads\/2023\/07\/image-306-300x195.png 300w, https:\/\/corrientesdetarde.com\/wp-content\/uploads\/2023\/07\/image-306-768x500.png 768w, https:\/\/corrientesdetarde.com\/wp-content\/uploads\/2023\/07\/image-306.png 1280w\" sizes=\"auto, (max-width: 1024px) 100vw, 1024px\" \/><\/figure>\n\n\n\n<figure class=\"wp-block-image size-large\"><img loading=\"lazy\" decoding=\"async\" width=\"576\" height=\"1024\" src=\"https:\/\/corrientesdetarde.com\/wp-content\/uploads\/2023\/07\/image-307-576x1024.png\" alt=\"\" class=\"wp-image-72829\" srcset=\"https:\/\/corrientesdetarde.com\/wp-content\/uploads\/2023\/07\/image-307-576x1024.png 576w, https:\/\/corrientesdetarde.com\/wp-content\/uploads\/2023\/07\/image-307-169x300.png 169w, https:\/\/corrientesdetarde.com\/wp-content\/uploads\/2023\/07\/image-307-768x1365.png 768w, https:\/\/corrientesdetarde.com\/wp-content\/uploads\/2023\/07\/image-307-864x1536.png 864w, https:\/\/corrientesdetarde.com\/wp-content\/uploads\/2023\/07\/image-307.png 1080w\" sizes=\"auto, (max-width: 576px) 100vw, 576px\" \/><\/figure>\n\n\n\n<figure class=\"wp-block-image size-large\"><img loading=\"lazy\" decoding=\"async\" width=\"576\" height=\"1024\" src=\"https:\/\/corrientesdetarde.com\/wp-content\/uploads\/2023\/07\/image-308-576x1024.png\" alt=\"\" class=\"wp-image-72830\" srcset=\"https:\/\/corrientesdetarde.com\/wp-content\/uploads\/2023\/07\/image-308-576x1024.png 576w, https:\/\/corrientesdetarde.com\/wp-content\/uploads\/2023\/07\/image-308-169x300.png 169w, https:\/\/corrientesdetarde.com\/wp-content\/uploads\/2023\/07\/image-308-768x1365.png 768w, https:\/\/corrientesdetarde.com\/wp-content\/uploads\/2023\/07\/image-308-864x1536.png 864w, https:\/\/corrientesdetarde.com\/wp-content\/uploads\/2023\/07\/image-308.png 1080w\" sizes=\"auto, (max-width: 576px) 100vw, 576px\" \/><\/figure>\n","protected":false},"excerpt":{"rendered":"<p>Organizada por el Gobierno de Corrientes, a trav\u00e9s del Instituto de Cultura, la jornada de este martes de la 13\u00b0 edici\u00f3n de la Feria Provincial del Libro tendr\u00e1 presentaciones de&hellip; <\/p>\n","protected":false},"author":8,"featured_media":72831,"comment_status":"closed","ping_status":"open","sticky":false,"template":"","format":"standard","meta":{"footnotes":""},"categories":[22],"tags":[],"class_list":["post-72822","post","type-post","status-publish","format-standard","has-post-thumbnail","hentry","category-eventos"],"_links":{"self":[{"href":"https:\/\/corrientesdetarde.com\/index.php\/wp-json\/wp\/v2\/posts\/72822","targetHints":{"allow":["GET"]}}],"collection":[{"href":"https:\/\/corrientesdetarde.com\/index.php\/wp-json\/wp\/v2\/posts"}],"about":[{"href":"https:\/\/corrientesdetarde.com\/index.php\/wp-json\/wp\/v2\/types\/post"}],"author":[{"embeddable":true,"href":"https:\/\/corrientesdetarde.com\/index.php\/wp-json\/wp\/v2\/users\/8"}],"replies":[{"embeddable":true,"href":"https:\/\/corrientesdetarde.com\/index.php\/wp-json\/wp\/v2\/comments?post=72822"}],"version-history":[{"count":1,"href":"https:\/\/corrientesdetarde.com\/index.php\/wp-json\/wp\/v2\/posts\/72822\/revisions"}],"predecessor-version":[{"id":72832,"href":"https:\/\/corrientesdetarde.com\/index.php\/wp-json\/wp\/v2\/posts\/72822\/revisions\/72832"}],"wp:featuredmedia":[{"embeddable":true,"href":"https:\/\/corrientesdetarde.com\/index.php\/wp-json\/wp\/v2\/media\/72831"}],"wp:attachment":[{"href":"https:\/\/corrientesdetarde.com\/index.php\/wp-json\/wp\/v2\/media?parent=72822"}],"wp:term":[{"taxonomy":"category","embeddable":true,"href":"https:\/\/corrientesdetarde.com\/index.php\/wp-json\/wp\/v2\/categories?post=72822"},{"taxonomy":"post_tag","embeddable":true,"href":"https:\/\/corrientesdetarde.com\/index.php\/wp-json\/wp\/v2\/tags?post=72822"}],"curies":[{"name":"wp","href":"https:\/\/api.w.org\/{rel}","templated":true}]}}